{"id":28812,"date":"2024-02-12T08:30:26","date_gmt":"2024-02-12T13:30:26","guid":{"rendered":"https:\/\/www.greffecheveuxpai.com\/?p=28812"},"modified":"2024-02-20T08:50:55","modified_gmt":"2024-02-20T13:50:55","slug":"hair-loss-related-to-stress","status":"publish","type":"post","link":"https:\/\/www.greffecheveuxpai.com\/en\/blog\/hair-loss-related-to-stress\/","title":{"rendered":"Understanding the Impact of Stress on the Health of Your Hair"},"content":{"rendered":"\t\t<div data-elementor-type=\"wp-post\" data-elementor-id=\"28812\" class=\"elementor elementor-28812 elementor-28811\" data-elementor-post-type=\"post\">\n\t\t\t\t\t\t<section class=\"elementor-section elementor-top-section elementor-element elementor-element-3c39258 elementor-section-full_width elementor-section-height-default elementor-section-height-default\" data-id=\"3c39258\" data-element_type=\"section\" data-e-type=\"section\">\n\t\t\t\t\t\t<div class=\"elementor-container elementor-column-gap-default\">\n\t\t\t\t\t<div class=\"elementor-column elementor-col-100 elementor-top-column elementor-element elementor-element-c704210\" data-id=\"c704210\" data-element_type=\"column\" data-e-type=\"column\">\n\t\t\t<div class=\"elementor-widget-wrap elementor-element-populated\">\n\t\t\t\t\t\t<div class=\"elementor-element elementor-element-847e2e7 elementor-widget elementor-widget-heading\" data-id=\"847e2e7\" data-element_type=\"widget\" data-e-type=\"widget\" data-widget_type=\"heading.default\">\n\t\t\t\t<div class=\"elementor-widget-container\">\n\t\t\t\t\t<h2 class=\"elementor-heading-title elementor-size-default\">The Impact of Stress on Your Hair<\/h2>\t\t\t\t<\/div>\n\t\t\t\t<\/div>\n\t\t\t\t<div class=\"elementor-element elementor-element-5ec1e27 elementor-widget elementor-widget-text-editor\" data-id=\"5ec1e27\" data-element_type=\"widget\" data-e-type=\"widget\" data-widget_type=\"text-editor.default\">\n\t\t\t\t<div class=\"elementor-widget-container\">\n\t\t\t\t\t\t\t\t\tWhile our hair may appear as a harmonious unit, it&#8217;s essential to remember that each hair grows independently. To understand how stress can affect your hair, let&#8217;s examine the three hair growth cycles. An imbalance in any of these phases can lead to increased hair loss.\n\t\t\t\t\t\t\t\t<\/div>\n\t\t\t\t<\/div>\n\t\t\t\t<div class=\"elementor-element elementor-element-a0a68dc elementor-widget elementor-widget-image\" data-id=\"a0a68dc\" data-element_type=\"widget\" data-e-type=\"widget\" data-widget_type=\"image.default\">\n\t\t\t\t<div class=\"elementor-widget-container\">\n\t\t\t\t\t\t\t\t\t\t\t\t\t\t\t<img fetchpriority=\"high\" decoding=\"async\" width=\"942\" height=\"390\" src=\"https:\/\/www.greffecheveuxpai.com\/wp-content\/uploads\/2024\/02\/hair-cycle-phases.jpg\" class=\"attachment-full size-full wp-image-28855\" alt=\"Three hair growth cycles\" srcset=\"https:\/\/www.greffecheveuxpai.com\/wp-content\/uploads\/2024\/02\/hair-cycle-phases.jpg 942w, https:\/\/www.greffecheveuxpai.com\/wp-content\/uploads\/2024\/02\/hair-cycle-phases-300x124.jpg 300w, https:\/\/www.greffecheveuxpai.com\/wp-content\/uploads\/2024\/02\/hair-cycle-phases-768x318.jpg 768w\" sizes=\"(max-width: 942px) 100vw, 942px\" \/>\t\t\t\t\t\t\t\t\t\t\t\t\t\t\t<\/div>\n\t\t\t\t<\/div>\n\t\t\t\t<div class=\"elementor-element elementor-element-059ba8f elementor-widget elementor-widget-text-editor\" data-id=\"059ba8f\" data-element_type=\"widget\" data-e-type=\"widget\" data-widget_type=\"text-editor.default\">\n\t\t\t\t<div class=\"elementor-widget-container\">\n\t\t\t\t\t\t\t\t\t<p>Take the example of a pregnant woman : during pregnancy, her hair may look healthy, shiny, and voluminous. This transformation is not at all unusual. It is primarily due to a hormone called estrogen, which extends the active growth phase of the hair (anagen phase) during gestation.<\/p><p>However, excessive extension of the anagen phase can synchronize the hair cycle. This is why, <b>after childbirth, when estrogen levels decrease, many hairs fall out simultaneously<\/b>.\u00a0<\/p>\t\t\t\t\t\t\t\t<\/div>\n\t\t\t\t<\/div>\n\t\t\t\t<div class=\"elementor-element elementor-element-dc42fa0 elementor-widget elementor-widget-text-editor\" data-id=\"dc42fa0\" data-element_type=\"widget\" data-e-type=\"widget\" data-widget_type=\"text-editor.default\">\n\t\t\t\t<div class=\"elementor-widget-container\">\n\t\t\t\t\t\t\t\t\tStress has a similar effect on your hair. It can transition a hair in the growth phase (anagen phase, which lasts two to five years) to the resting phase (catagen phase), significantly shortening its lifecycle before the final three-month phase, the telogen phase.\n\t\t\t\t\t\t\t\t<\/div>\n\t\t\t\t<\/div>\n\t\t\t\t<div class=\"elementor-element elementor-element-9cc9cb3 elementor-widget elementor-widget-heading\" data-id=\"9cc9cb3\" data-element_type=\"widget\" data-e-type=\"widget\" data-widget_type=\"heading.default\">\n\t\t\t\t<div class=\"elementor-widget-container\">\n\t\t\t\t\t<h2 class=\"elementor-heading-title elementor-size-default\">Stress-Induced Hair Loss : How Long Until Your Hair Grows Back?\n<\/h2>\t\t\t\t<\/div>\n\t\t\t\t<\/div>\n\t\t\t\t<div class=\"elementor-element elementor-element-446aef1 elementor-widget elementor-widget-text-editor\" data-id=\"446aef1\" data-element_type=\"widget\" data-e-type=\"widget\" data-widget_type=\"text-editor.default\">\n\t\t\t\t<div class=\"elementor-widget-container\">\n\t\t\t\t\t\t\t\t\tFortunately, stress-related hair loss is generally temporary and reversible. However, it may take several weeks or even a few months before hair loss becomes apparent. The lost hair will eventually make way for new hair in the growth phase.\n\t\t\t\t\t\t\t\t<\/div>\n\t\t\t\t<\/div>\n\t\t\t\t\t<\/div>\n\t\t<\/div>\n\t\t\t\t\t<\/div>\n\t\t<\/section>\n\t\t\t\t<section class=\"elementor-section elementor-top-section elementor-element elementor-element-eb4869c elementor-section-full_width elementor-section-height-default elementor-section-height-default\" data-id=\"eb4869c\" data-element_type=\"section\" data-e-type=\"section\">\n\t\t\t\t\t\t<div class=\"elementor-container elementor-column-gap-default\">\n\t\t\t\t\t<div class=\"elementor-column elementor-col-100 elementor-top-column elementor-element elementor-element-263c433\" data-id=\"263c433\" data-element_type=\"column\" data-e-type=\"column\">\n\t\t\t<div class=\"elementor-widget-wrap elementor-element-populated\">\n\t\t\t\t\t\t<div class=\"elementor-element elementor-element-5c936f1 elementor-widget elementor-widget-heading\" data-id=\"5c936f1\" data-element_type=\"widget\" data-e-type=\"widget\" data-widget_type=\"heading.default\">\n\t\t\t\t<div class=\"elementor-widget-container\">\n\t\t\t\t\t<h2 class=\"elementor-heading-title elementor-size-default\">How to Prevent Stress-Related Hair Loss<\/h2>\t\t\t\t<\/div>\n\t\t\t\t<\/div>\n\t\t\t\t<div class=\"elementor-element elementor-element-7a3e2f9 elementor-position-left elementor-vertical-align-top elementor-widget elementor-widget-image-box\" data-id=\"7a3e2f9\" data-element_type=\"widget\" data-e-type=\"widget\" data-widget_type=\"image-box.default\">\n\t\t\t\t<div class=\"elementor-widget-container\">\n\t\t\t\t\t<div class=\"elementor-image-box-wrapper\"><figure class=\"elementor-image-box-img\"><img decoding=\"async\" src=\"https:\/\/www.greffecheveuxpai.com\/wp-content\/uploads\/elementor\/thumbs\/yoga-qjpn2k5y2q941ffi0cuisd8niqgm0leg5rxrtq77k0.png\" title=\"yoga\" alt=\"yoga\" loading=\"lazy\" \/><\/figure><div class=\"elementor-image-box-content\"><h3 class=\"elementor-image-box-title\">Relaxation Techniques <\/h3><p class=\"elementor-image-box-description\">Relaxation practices such as meditation, yoga, or soothing hobbies (walking in nature while listening to your favorite music).<\/p><\/div><\/div>\t\t\t\t<\/div>\n\t\t\t\t<\/div>\n\t\t\t\t<div class=\"elementor-element elementor-element-dfcae14 elementor-position-left elementor-vertical-align-top elementor-widget elementor-widget-image-box\" data-id=\"dfcae14\" data-element_type=\"widget\" data-e-type=\"widget\" data-widget_type=\"image-box.default\">\n\t\t\t\t<div class=\"elementor-widget-container\">\n\t\t\t\t\t<div class=\"elementor-image-box-wrapper\"><figure class=\"elementor-image-box-img\"><img decoding=\"async\" src=\"https:\/\/www.greffecheveuxpai.com\/wp-content\/uploads\/elementor\/thumbs\/alimentation-qjpn2fgr4k2ofdmbrstdxwfcjt3ry3vsh4ocfce6f4.png\" title=\"alimentation\" alt=\"alimentation\" loading=\"lazy\" \/><\/figure><div class=\"elementor-image-box-content\"><h3 class=\"elementor-image-box-title\">Healthy and Balanced Diet <\/h3><p class=\"elementor-image-box-description\">The health of your hair largely depends on the nutrients and vitamins present in your diet. The Mediterranean diet, for example, is an excellent choice as it includes foods such as fish, whole grains, vegetables, fruits, eggs, legumes, dark chocolate, cocoa, and olive oil.<\/p><\/div><\/div>\t\t\t\t<\/div>\n\t\t\t\t<\/div>\n\t\t\t\t<div class=\"elementor-element elementor-element-a317aa7 elementor-position-left elementor-vertical-align-top elementor-widget elementor-widget-image-box\" data-id=\"a317aa7\" data-element_type=\"widget\" data-e-type=\"widget\" data-widget_type=\"image-box.default\">\n\t\t\t\t<div class=\"elementor-widget-container\">\n\t\t\t\t\t<div class=\"elementor-image-box-wrapper\"><figure class=\"elementor-image-box-img\"><img decoding=\"async\" src=\"https:\/\/www.greffecheveuxpai.com\/wp-content\/uploads\/elementor\/thumbs\/repos-qjpn2m1mgebooncrpdnrxcrkpi7cfzlwu18qsa4f7k.png\" title=\"repos\" alt=\"repos\" loading=\"lazy\" \/><\/figure><div class=\"elementor-image-box-content\"><h3 class=\"elementor-image-box-title\">Quality Sleep<\/h3><p class=\"elementor-image-box-description\">Restorative sleep plays a crucial role in stress management. Adopt a regular sleep routine, create a conducive environment for rest, and avoid electronic stimuli before bedtime to promote peaceful and revitalizing nights.<\/p><\/div><\/div>\t\t\t\t<\/div>\n\t\t\t\t<\/div>\n\t\t\t\t<div class=\"elementor-element elementor-element-c87dd61 elementor-position-left elementor-vertical-align-top elementor-widget elementor-widget-image-box\" data-id=\"c87dd61\" data-element_type=\"widget\" data-e-type=\"widget\" data-widget_type=\"image-box.default\">\n\t\t\t\t<div class=\"elementor-widget-container\">\n\t\t\t\t\t<div class=\"elementor-image-box-wrapper\"><figure class=\"elementor-image-box-img\"><img decoding=\"async\" src=\"https:\/\/www.greffecheveuxpai.com\/wp-content\/uploads\/elementor\/thumbs\/exercice-qjpn2hcfi8592ljlgtmn2vy9qkuidi395dzbdwbe2o.png\" title=\"exercice\" alt=\"exercice\" loading=\"lazy\" \/><\/figure><div class=\"elementor-image-box-content\"><h3 class=\"elementor-image-box-title\">Regular Physical Exercise <\/h3><p class=\"elementor-image-box-description\">Regular physical activity releases endorphins, improving your mood and reducing stress. Find an activity you enjoy, whether it's the gym, dancing, swimming, or walking.<\/p><\/div><\/div>\t\t\t\t<\/div>\n\t\t\t\t<\/div>\n\t\t\t\t<div class=\"elementor-element elementor-element-d9a4b49 elementor-position-left elementor-vertical-align-top elementor-widget elementor-widget-image-box\" data-id=\"d9a4b49\" data-element_type=\"widget\" data-e-type=\"widget\" data-widget_type=\"image-box.default\">\n\t\t\t\t<div class=\"elementor-widget-container\">\n\t\t\t\t\t<div class=\"elementor-image-box-wrapper\"><figure class=\"elementor-image-box-img\"><img decoding=\"async\" src=\"https:\/\/www.greffecheveuxpai.com\/wp-content\/uploads\/elementor\/thumbs\/aide-qjpn2dl2qw03s5p22s04swwfd1d1ipobsvddgsgyrk.png\" title=\"aide\" alt=\"aide\" loading=\"lazy\" \/><\/figure><div class=\"elementor-image-box-content\"><h3 class=\"elementor-image-box-title\">Professional Assistance <\/h3><p class=\"elementor-image-box-description\">Seeking help from a professional, such as a psychologist or a therapist in counseling, can also prove beneficial when needed.<\/p><\/div><\/div>\t\t\t\t<\/div>\n\t\t\t\t<\/div>\n\t\t\t\t\t<\/div>\n\t\t<\/div>\n\t\t\t\t\t<\/div>\n\t\t<\/section>\n\t\t\t\t<section class=\"elementor-section elementor-top-section elementor-element elementor-element-0da9a99 elementor-section-boxed elementor-section-height-default elementor-section-height-default\" data-id=\"0da9a99\" data-element_type=\"section\" data-e-type=\"section\" data-settings=\"{&quot;background_background&quot;:&quot;classic&quot;}\">\n\t\t\t\t\t\t<div class=\"elementor-container elementor-column-gap-default\">\n\t\t\t\t\t<div class=\"elementor-column elementor-col-100 elementor-top-column elementor-element elementor-element-cd5d8dc\" data-id=\"cd5d8dc\" data-element_type=\"column\" data-e-type=\"column\">\n\t\t\t<div class=\"elementor-widget-wrap elementor-element-populated\">\n\t\t\t\t\t\t<div class=\"elementor-element elementor-element-015110b elementor-widget elementor-widget-heading\" data-id=\"015110b\" data-element_type=\"widget\" data-e-type=\"widget\" data-widget_type=\"heading.default\">\n\t\t\t\t<div class=\"elementor-widget-container\">\n\t\t\t\t\t<h2 class=\"elementor-heading-title elementor-size-default\">Should I Be Concerned?<\/h2>\t\t\t\t<\/div>\n\t\t\t\t<\/div>\n\t\t\t\t<div class=\"elementor-element elementor-element-b556776 elementor-widget elementor-widget-text-editor\" data-id=\"b556776\" data-element_type=\"widget\" data-e-type=\"widget\" data-widget_type=\"text-editor.default\">\n\t\t\t\t<div class=\"elementor-widget-container\">\n\t\t\t\t\t\t\t\t\t<p>Various hair conditions, such as diffuse alopecia or areata alopecia, can lead to increased hair loss. Remember that it&#8217;s normal to lose up to 100 hairs per day. If you notice abnormal hair loss, it&#8217;s recommended to consult a professional from Groupe M\u00e9dical PAI, who can advise and guide you to the most suitable solution for your specific needs.x<\/p>\t\t\t\t\t\t\t\t<\/div>\n\t\t\t\t<\/div>\n\t\t\t\t<div class=\"elementor-element elementor-element-a1e65b1 elementor-align-center elementor-widget elementor-widget-button\" data-id=\"a1e65b1\" data-element_type=\"widget\" data-e-type=\"widget\" data-widget_type=\"button.default\">\n\t\t\t\t<div class=\"elementor-widget-container\">\n\t\t\t\t\t\t\t\t\t<div class=\"elementor-button-wrapper\">\n\t\t\t\t\t<a class=\"elementor-button elementor-button-link elementor-size-sm\" href=\"\/en\/consultation\/\">\n\t\t\t\t\t\t<span class=\"elementor-button-content-wrapper\">\n\t\t\t\t\t\t\t\t\t<span class=\"elementor-button-text\">Make an appointment<\/span>\n\t\t\t\t\t<\/span>\n\t\t\t\t\t<\/a>\n\t\t\t\t<\/div>\n\t\t\t\t\t\t\t\t<\/div>\n\t\t\t\t<\/div>\n\t\t\t\t\t<\/div>\n\t\t<\/div>\n\t\t\t\t\t<\/div>\n\t\t<\/section>\n\t\t\t\t<\/div>\n\t\t","protected":false},"excerpt":{"rendered":"<p>The Impact of Stress on Your Hair While our hair may appear as a harmonious unit, it&#8217;s essential to remember that each hair grows independently. To understand how stress can affect your hair, let&#8217;s examine the three hair growth cycles. An imbalance in any of these phases can lead to increased hair loss. Take the [&hellip;]<\/p>\n","protected":false},"author":3,"featured_media":28880,"comment_status":"closed","ping_status":"closed","sticky":false,"template":"","format":"standard","meta":{"inline_featured_image":false,"site-sidebar-layout":"default","site-content-layout":"","ast-site-content-layout":"default","site-content-style":"default","site-sidebar-style":"default","ast-global-header-display":"","ast-banner-title-visibility":"","ast-main-header-display":"","ast-hfb-above-header-display":"","ast-hfb-below-header-display":"","ast-hfb-mobile-header-display":"","site-post-title":"","ast-breadcrumbs-content":"","ast-featured-img":"","footer-sml-layout":"","ast-disable-related-posts":"","theme-transparent-header-meta":"default","adv-header-id-meta":"","stick-header-meta":"default","header-above-stick-meta":"","header-main-stick-meta":"","header-below-stick-meta":"","astra-migrate-meta-layouts":"set","ast-page-background-enabled":"default","ast-page-background-meta":{"desktop":{"background-color":"var(--ast-global-color-4)","background-image":"","background-repeat":"repeat","background-position":"center center","background-size":"auto","background-attachment":"scroll","background-type":"","background-media":"","overlay-type":"","overlay-color":"","overlay-opacity":"","overlay-gradient":""},"tablet":{"background-color":"","background-image":"","background-repeat":"repeat","background-position":"center center","background-size":"auto","background-attachment":"scroll","background-type":"","background-media":"","overlay-type":"","overlay-color":"","overlay-opacity":"","overlay-gradient":""},"mobile":{"background-color":"","background-image":"","background-repeat":"repeat","background-position":"center center","background-size":"auto","background-attachment":"scroll","background-type":"","background-media":"","overlay-type":"","overlay-color":"","overlay-opacity":"","overlay-gradient":""}},"ast-content-background-meta":{"desktop":{"background-color":"var(--ast-global-color-5)","background-image":"","background-repeat":"repeat","background-position":"center center","background-size":"auto","background-attachment":"scroll","background-type":"","background-media":"","overlay-type":"","overlay-color":"","overlay-opacity":"","overlay-gradient":""},"tablet":{"background-color":"var(--ast-global-color-5)","background-image":"","background-repeat":"repeat","background-position":"center center","background-size":"auto","background-attachment":"scroll","background-type":"","background-media":"","overlay-type":"","overlay-color":"","overlay-opacity":"","overlay-gradient":""},"mobile":{"background-color":"var(--ast-global-color-5)","background-image":"","background-repeat":"repeat","background-position":"center center","background-size":"auto","background-attachment":"scroll","background-type":"","background-media":"","overlay-type":"","overlay-color":"","overlay-opacity":"","overlay-gradient":""}},"footnotes":""},"categories":[63,127,126],"tags":[],"class_list":["post-28812","post","type-post","status-publish","format-standard","has-post-thumbnail","hentry","category-blog","category-hair-care-blog","category-hair-loss"],"yoast_head":"<!-- This site is optimized with the Yoast SEO plugin v27.4 - https:\/\/yoast.com\/product\/yoast-seo-wordpress\/ -->\n<title>Hair loss related to stress | PAI Medical Group<\/title>\n<meta name=\"description\" content=\"Discover how stress can impact your hair and what you can do to prevent stress-related hair loss. Read this article for some tips and tricks!\" \/>\n<meta name=\"robots\" content=\"index, follow, max-snippet:-1, max-image-preview:large, max-video-preview:-1\" \/>\n<link rel=\"canonical\" href=\"https:\/\/www.greffecheveuxpai.com\/en\/blog\/hair-loss-related-to-stress\/\" \/>\n<meta property=\"og:locale\" content=\"en_US\" \/>\n<meta property=\"og:type\" content=\"article\" \/>\n<meta property=\"og:title\" content=\"Hair loss related to stress | PAI Medical Group\" \/>\n<meta property=\"og:description\" content=\"Discover how stress can impact your hair and what you can do to prevent stress-related hair loss. Read this article for some tips and tricks!\" \/>\n<meta property=\"og:url\" content=\"https:\/\/www.greffecheveuxpai.com\/en\/blog\/hair-loss-related-to-stress\/\" \/>\n<meta property=\"og:site_name\" content=\"Groupe M\u00e9dical PAI\" \/>\n<meta property=\"article:publisher\" content=\"https:\/\/www.facebook.com\/GroupeMedicalPAI\" \/>\n<meta property=\"article:published_time\" content=\"2024-02-12T13:30:26+00:00\" \/>\n<meta property=\"article:modified_time\" content=\"2024-02-20T13:50:55+00:00\" \/>\n<meta property=\"og:image\" content=\"https:\/\/www.greffecheveuxpai.com\/wp-content\/uploads\/2024\/02\/impact-stress-perte-cheveux.jpg\" \/>\n\t<meta property=\"og:image:width\" content=\"1200\" \/>\n\t<meta property=\"og:image:height\" content=\"500\" \/>\n\t<meta property=\"og:image:type\" content=\"image\/jpeg\" \/>\n<meta name=\"author\" content=\"Groupe M\u00e9dical PAI\" \/>\n<meta name=\"twitter:card\" content=\"summary_large_image\" \/>\n<meta name=\"twitter:label1\" content=\"Written by\" \/>\n\t<meta name=\"twitter:data1\" content=\"Groupe M\u00e9dical PAI\" \/>\n\t<meta name=\"twitter:label2\" content=\"Est. reading time\" \/>\n\t<meta name=\"twitter:data2\" content=\"4 minutes\" \/>\n<script type=\"application\/ld+json\" class=\"yoast-schema-graph\">{\"@context\":\"https:\\\/\\\/schema.org\",\"@graph\":[{\"@type\":\"Article\",\"@id\":\"https:\\\/\\\/www.greffecheveuxpai.com\\\/en\\\/blog\\\/hair-loss-related-to-stress\\\/#article\",\"isPartOf\":{\"@id\":\"https:\\\/\\\/www.greffecheveuxpai.com\\\/en\\\/blog\\\/hair-loss-related-to-stress\\\/\"},\"author\":{\"name\":\"Groupe M\u00e9dical PAI\",\"@id\":\"https:\\\/\\\/www.greffecheveuxpai.com\\\/en\\\/#\\\/schema\\\/person\\\/56f3585b72129ad7566f9b55eb89acdc\"},\"headline\":\"Understanding the Impact of Stress on the Health of Your Hair\",\"datePublished\":\"2024-02-12T13:30:26+00:00\",\"dateModified\":\"2024-02-20T13:50:55+00:00\",\"mainEntityOfPage\":{\"@id\":\"https:\\\/\\\/www.greffecheveuxpai.com\\\/en\\\/blog\\\/hair-loss-related-to-stress\\\/\"},\"wordCount\":457,\"publisher\":{\"@id\":\"https:\\\/\\\/www.greffecheveuxpai.com\\\/en\\\/#organization\"},\"image\":{\"@id\":\"https:\\\/\\\/www.greffecheveuxpai.com\\\/en\\\/blog\\\/hair-loss-related-to-stress\\\/#primaryimage\"},\"thumbnailUrl\":\"https:\\\/\\\/www.greffecheveuxpai.com\\\/wp-content\\\/uploads\\\/2024\\\/02\\\/impact-stress-perte-cheveux.jpg\",\"articleSection\":[\"Blog\",\"Hair care\",\"Hair loss\"],\"inLanguage\":\"en-CA\"},{\"@type\":\"WebPage\",\"@id\":\"https:\\\/\\\/www.greffecheveuxpai.com\\\/en\\\/blog\\\/hair-loss-related-to-stress\\\/\",\"url\":\"https:\\\/\\\/www.greffecheveuxpai.com\\\/en\\\/blog\\\/hair-loss-related-to-stress\\\/\",\"name\":\"Hair loss related to stress | PAI Medical Group\",\"isPartOf\":{\"@id\":\"https:\\\/\\\/www.greffecheveuxpai.com\\\/en\\\/#website\"},\"primaryImageOfPage\":{\"@id\":\"https:\\\/\\\/www.greffecheveuxpai.com\\\/en\\\/blog\\\/hair-loss-related-to-stress\\\/#primaryimage\"},\"image\":{\"@id\":\"https:\\\/\\\/www.greffecheveuxpai.com\\\/en\\\/blog\\\/hair-loss-related-to-stress\\\/#primaryimage\"},\"thumbnailUrl\":\"https:\\\/\\\/www.greffecheveuxpai.com\\\/wp-content\\\/uploads\\\/2024\\\/02\\\/impact-stress-perte-cheveux.jpg\",\"datePublished\":\"2024-02-12T13:30:26+00:00\",\"dateModified\":\"2024-02-20T13:50:55+00:00\",\"description\":\"Discover how stress can impact your hair and what you can do to prevent stress-related hair loss. Read this article for some tips and tricks!\",\"breadcrumb\":{\"@id\":\"https:\\\/\\\/www.greffecheveuxpai.com\\\/en\\\/blog\\\/hair-loss-related-to-stress\\\/#breadcrumb\"},\"inLanguage\":\"en-CA\",\"potentialAction\":[{\"@type\":\"ReadAction\",\"target\":[\"https:\\\/\\\/www.greffecheveuxpai.com\\\/en\\\/blog\\\/hair-loss-related-to-stress\\\/\"]}]},{\"@type\":\"ImageObject\",\"inLanguage\":\"en-CA\",\"@id\":\"https:\\\/\\\/www.greffecheveuxpai.com\\\/en\\\/blog\\\/hair-loss-related-to-stress\\\/#primaryimage\",\"url\":\"https:\\\/\\\/www.greffecheveuxpai.com\\\/wp-content\\\/uploads\\\/2024\\\/02\\\/impact-stress-perte-cheveux.jpg\",\"contentUrl\":\"https:\\\/\\\/www.greffecheveuxpai.com\\\/wp-content\\\/uploads\\\/2024\\\/02\\\/impact-stress-perte-cheveux.jpg\",\"width\":1200,\"height\":500,\"caption\":\"Comprendre l\u2019impact du stress sur la sant\u00e9 de vos cheveux\"},{\"@type\":\"BreadcrumbList\",\"@id\":\"https:\\\/\\\/www.greffecheveuxpai.com\\\/en\\\/blog\\\/hair-loss-related-to-stress\\\/#breadcrumb\",\"itemListElement\":[{\"@type\":\"ListItem\",\"position\":1,\"name\":\"Home\",\"item\":\"https:\\\/\\\/www.greffecheveuxpai.com\\\/en\\\/\"},{\"@type\":\"ListItem\",\"position\":2,\"name\":\"Understanding the Impact of Stress on the Health of Your Hair\"}]},{\"@type\":\"WebSite\",\"@id\":\"https:\\\/\\\/www.greffecheveuxpai.com\\\/en\\\/#website\",\"url\":\"https:\\\/\\\/www.greffecheveuxpai.com\\\/en\\\/\",\"name\":\"Groupe M\u00e9dical PAI\",\"description\":\"La r\u00e9f\u00e9rence pour la greffe de cheveux\",\"publisher\":{\"@id\":\"https:\\\/\\\/www.greffecheveuxpai.com\\\/en\\\/#organization\"},\"potentialAction\":[{\"@type\":\"SearchAction\",\"target\":{\"@type\":\"EntryPoint\",\"urlTemplate\":\"https:\\\/\\\/www.greffecheveuxpai.com\\\/en\\\/?s={search_term_string}\"},\"query-input\":{\"@type\":\"PropertyValueSpecification\",\"valueRequired\":true,\"valueName\":\"search_term_string\"}}],\"inLanguage\":\"en-CA\"},{\"@type\":\"Organization\",\"@id\":\"https:\\\/\\\/www.greffecheveuxpai.com\\\/en\\\/#organization\",\"name\":\"Greffe de cheveux PAI\",\"alternateName\":\"Greffe de cheveux PAI\",\"url\":\"https:\\\/\\\/www.greffecheveuxpai.com\\\/en\\\/\",\"logo\":{\"@type\":\"ImageObject\",\"inLanguage\":\"en-CA\",\"@id\":\"https:\\\/\\\/www.greffecheveuxpai.com\\\/en\\\/#\\\/schema\\\/logo\\\/image\\\/\",\"url\":\"https:\\\/\\\/www.greffecheveuxpai.com\\\/wp-content\\\/uploads\\\/2023\\\/06\\\/groupe-medical-pai-logo.svg.svg\",\"contentUrl\":\"https:\\\/\\\/www.greffecheveuxpai.com\\\/wp-content\\\/uploads\\\/2023\\\/06\\\/groupe-medical-pai-logo.svg.svg\",\"width\":188,\"height\":48,\"caption\":\"Greffe de cheveux PAI\"},\"image\":{\"@id\":\"https:\\\/\\\/www.greffecheveuxpai.com\\\/en\\\/#\\\/schema\\\/logo\\\/image\\\/\"},\"sameAs\":[\"https:\\\/\\\/www.facebook.com\\\/GroupeMedicalPAI\",\"https:\\\/\\\/www.youtube.com\\\/channel\\\/UCUiL9NKQApQK6TFB2Ee9y3A\",\"http:\\\/\\\/fr.yelp.ca\\\/biz\\\/greffe-de-cheveux-pai-saint-hubert\"]},{\"@type\":\"Person\",\"@id\":\"https:\\\/\\\/www.greffecheveuxpai.com\\\/en\\\/#\\\/schema\\\/person\\\/56f3585b72129ad7566f9b55eb89acdc\",\"name\":\"Groupe M\u00e9dical PAI\",\"image\":{\"@type\":\"ImageObject\",\"inLanguage\":\"en-CA\",\"@id\":\"https:\\\/\\\/secure.gravatar.com\\\/avatar\\\/31da7506b5330768b03d6c400174ee02b44ccbf01a5050144dbbd544b95f3c2b?s=96&d=blank&r=g\",\"url\":\"https:\\\/\\\/secure.gravatar.com\\\/avatar\\\/31da7506b5330768b03d6c400174ee02b44ccbf01a5050144dbbd544b95f3c2b?s=96&d=blank&r=g\",\"contentUrl\":\"https:\\\/\\\/secure.gravatar.com\\\/avatar\\\/31da7506b5330768b03d6c400174ee02b44ccbf01a5050144dbbd544b95f3c2b?s=96&d=blank&r=g\",\"caption\":\"Groupe M\u00e9dical PAI\"}}]}<\/script>\n<!-- \/ Yoast SEO plugin. -->","yoast_head_json":{"title":"Hair loss related to stress | PAI Medical Group","description":"Discover how stress can impact your hair and what you can do to prevent stress-related hair loss. Read this article for some tips and tricks!","robots":{"index":"index","follow":"follow","max-snippet":"max-snippet:-1","max-image-preview":"max-image-preview:large","max-video-preview":"max-video-preview:-1"},"canonical":"https:\/\/www.greffecheveuxpai.com\/en\/blog\/hair-loss-related-to-stress\/","og_locale":"en_US","og_type":"article","og_title":"Hair loss related to stress | PAI Medical Group","og_description":"Discover how stress can impact your hair and what you can do to prevent stress-related hair loss. Read this article for some tips and tricks!","og_url":"https:\/\/www.greffecheveuxpai.com\/en\/blog\/hair-loss-related-to-stress\/","og_site_name":"Groupe M\u00e9dical PAI","article_publisher":"https:\/\/www.facebook.com\/GroupeMedicalPAI","article_published_time":"2024-02-12T13:30:26+00:00","article_modified_time":"2024-02-20T13:50:55+00:00","og_image":[{"width":1200,"height":500,"url":"https:\/\/www.greffecheveuxpai.com\/wp-content\/uploads\/2024\/02\/impact-stress-perte-cheveux.jpg","type":"image\/jpeg"}],"author":"Groupe M\u00e9dical PAI","twitter_card":"summary_large_image","twitter_misc":{"Written by":"Groupe M\u00e9dical PAI","Est. reading time":"4 minutes"},"schema":{"@context":"https:\/\/schema.org","@graph":[{"@type":"Article","@id":"https:\/\/www.greffecheveuxpai.com\/en\/blog\/hair-loss-related-to-stress\/#article","isPartOf":{"@id":"https:\/\/www.greffecheveuxpai.com\/en\/blog\/hair-loss-related-to-stress\/"},"author":{"name":"Groupe M\u00e9dical PAI","@id":"https:\/\/www.greffecheveuxpai.com\/en\/#\/schema\/person\/56f3585b72129ad7566f9b55eb89acdc"},"headline":"Understanding the Impact of Stress on the Health of Your Hair","datePublished":"2024-02-12T13:30:26+00:00","dateModified":"2024-02-20T13:50:55+00:00","mainEntityOfPage":{"@id":"https:\/\/www.greffecheveuxpai.com\/en\/blog\/hair-loss-related-to-stress\/"},"wordCount":457,"publisher":{"@id":"https:\/\/www.greffecheveuxpai.com\/en\/#organization"},"image":{"@id":"https:\/\/www.greffecheveuxpai.com\/en\/blog\/hair-loss-related-to-stress\/#primaryimage"},"thumbnailUrl":"https:\/\/www.greffecheveuxpai.com\/wp-content\/uploads\/2024\/02\/impact-stress-perte-cheveux.jpg","articleSection":["Blog","Hair care","Hair loss"],"inLanguage":"en-CA"},{"@type":"WebPage","@id":"https:\/\/www.greffecheveuxpai.com\/en\/blog\/hair-loss-related-to-stress\/","url":"https:\/\/www.greffecheveuxpai.com\/en\/blog\/hair-loss-related-to-stress\/","name":"Hair loss related to stress | PAI Medical Group","isPartOf":{"@id":"https:\/\/www.greffecheveuxpai.com\/en\/#website"},"primaryImageOfPage":{"@id":"https:\/\/www.greffecheveuxpai.com\/en\/blog\/hair-loss-related-to-stress\/#primaryimage"},"image":{"@id":"https:\/\/www.greffecheveuxpai.com\/en\/blog\/hair-loss-related-to-stress\/#primaryimage"},"thumbnailUrl":"https:\/\/www.greffecheveuxpai.com\/wp-content\/uploads\/2024\/02\/impact-stress-perte-cheveux.jpg","datePublished":"2024-02-12T13:30:26+00:00","dateModified":"2024-02-20T13:50:55+00:00","description":"Discover how stress can impact your hair and what you can do to prevent stress-related hair loss. Read this article for some tips and tricks!","breadcrumb":{"@id":"https:\/\/www.greffecheveuxpai.com\/en\/blog\/hair-loss-related-to-stress\/#breadcrumb"},"inLanguage":"en-CA","potentialAction":[{"@type":"ReadAction","target":["https:\/\/www.greffecheveuxpai.com\/en\/blog\/hair-loss-related-to-stress\/"]}]},{"@type":"ImageObject","inLanguage":"en-CA","@id":"https:\/\/www.greffecheveuxpai.com\/en\/blog\/hair-loss-related-to-stress\/#primaryimage","url":"https:\/\/www.greffecheveuxpai.com\/wp-content\/uploads\/2024\/02\/impact-stress-perte-cheveux.jpg","contentUrl":"https:\/\/www.greffecheveuxpai.com\/wp-content\/uploads\/2024\/02\/impact-stress-perte-cheveux.jpg","width":1200,"height":500,"caption":"Comprendre l\u2019impact du stress sur la sant\u00e9 de vos cheveux"},{"@type":"BreadcrumbList","@id":"https:\/\/www.greffecheveuxpai.com\/en\/blog\/hair-loss-related-to-stress\/#breadcrumb","itemListElement":[{"@type":"ListItem","position":1,"name":"Home","item":"https:\/\/www.greffecheveuxpai.com\/en\/"},{"@type":"ListItem","position":2,"name":"Understanding the Impact of Stress on the Health of Your Hair"}]},{"@type":"WebSite","@id":"https:\/\/www.greffecheveuxpai.com\/en\/#website","url":"https:\/\/www.greffecheveuxpai.com\/en\/","name":"Groupe M\u00e9dical PAI","description":"La r\u00e9f\u00e9rence pour la greffe de cheveux","publisher":{"@id":"https:\/\/www.greffecheveuxpai.com\/en\/#organization"},"potentialAction":[{"@type":"SearchAction","target":{"@type":"EntryPoint","urlTemplate":"https:\/\/www.greffecheveuxpai.com\/en\/?s={search_term_string}"},"query-input":{"@type":"PropertyValueSpecification","valueRequired":true,"valueName":"search_term_string"}}],"inLanguage":"en-CA"},{"@type":"Organization","@id":"https:\/\/www.greffecheveuxpai.com\/en\/#organization","name":"Greffe de cheveux PAI","alternateName":"Greffe de cheveux PAI","url":"https:\/\/www.greffecheveuxpai.com\/en\/","logo":{"@type":"ImageObject","inLanguage":"en-CA","@id":"https:\/\/www.greffecheveuxpai.com\/en\/#\/schema\/logo\/image\/","url":"https:\/\/www.greffecheveuxpai.com\/wp-content\/uploads\/2023\/06\/groupe-medical-pai-logo.svg.svg","contentUrl":"https:\/\/www.greffecheveuxpai.com\/wp-content\/uploads\/2023\/06\/groupe-medical-pai-logo.svg.svg","width":188,"height":48,"caption":"Greffe de cheveux PAI"},"image":{"@id":"https:\/\/www.greffecheveuxpai.com\/en\/#\/schema\/logo\/image\/"},"sameAs":["https:\/\/www.facebook.com\/GroupeMedicalPAI","https:\/\/www.youtube.com\/channel\/UCUiL9NKQApQK6TFB2Ee9y3A","http:\/\/fr.yelp.ca\/biz\/greffe-de-cheveux-pai-saint-hubert"]},{"@type":"Person","@id":"https:\/\/www.greffecheveuxpai.com\/en\/#\/schema\/person\/56f3585b72129ad7566f9b55eb89acdc","name":"Groupe M\u00e9dical PAI","image":{"@type":"ImageObject","inLanguage":"en-CA","@id":"https:\/\/secure.gravatar.com\/avatar\/31da7506b5330768b03d6c400174ee02b44ccbf01a5050144dbbd544b95f3c2b?s=96&d=blank&r=g","url":"https:\/\/secure.gravatar.com\/avatar\/31da7506b5330768b03d6c400174ee02b44ccbf01a5050144dbbd544b95f3c2b?s=96&d=blank&r=g","contentUrl":"https:\/\/secure.gravatar.com\/avatar\/31da7506b5330768b03d6c400174ee02b44ccbf01a5050144dbbd544b95f3c2b?s=96&d=blank&r=g","caption":"Groupe M\u00e9dical PAI"}}]}},"_links":{"self":[{"href":"https:\/\/www.greffecheveuxpai.com\/en\/wp-json\/wp\/v2\/posts\/28812","targetHints":{"allow":["GET"]}}],"collection":[{"href":"https:\/\/www.greffecheveuxpai.com\/en\/wp-json\/wp\/v2\/posts"}],"about":[{"href":"https:\/\/www.greffecheveuxpai.com\/en\/wp-json\/wp\/v2\/types\/post"}],"author":[{"embeddable":true,"href":"https:\/\/www.greffecheveuxpai.com\/en\/wp-json\/wp\/v2\/users\/3"}],"replies":[{"embeddable":true,"href":"https:\/\/www.greffecheveuxpai.com\/en\/wp-json\/wp\/v2\/comments?post=28812"}],"version-history":[{"count":0,"href":"https:\/\/www.greffecheveuxpai.com\/en\/wp-json\/wp\/v2\/posts\/28812\/revisions"}],"wp:featuredmedia":[{"embeddable":true,"href":"https:\/\/www.greffecheveuxpai.com\/en\/wp-json\/wp\/v2\/media\/28880"}],"wp:attachment":[{"href":"https:\/\/www.greffecheveuxpai.com\/en\/wp-json\/wp\/v2\/media?parent=28812"}],"wp:term":[{"taxonomy":"category","embeddable":true,"href":"https:\/\/www.greffecheveuxpai.com\/en\/wp-json\/wp\/v2\/categories?post=28812"},{"taxonomy":"post_tag","embeddable":true,"href":"https:\/\/www.greffecheveuxpai.com\/en\/wp-json\/wp\/v2\/tags?post=28812"}],"curies":[{"name":"wp","href":"https:\/\/api.w.org\/{rel}","templated":true}]}}