{"id":29211,"date":"2024-05-13T10:30:25","date_gmt":"2024-05-13T14:30:25","guid":{"rendered":"https:\/\/www.greffecheveuxpai.com\/?p=29211"},"modified":"2024-07-10T08:44:04","modified_gmt":"2024-07-10T12:44:04","slug":"menopause-and-hair-loss-in-women-understanding-and-taking-action","status":"publish","type":"post","link":"https:\/\/www.greffecheveuxpai.com\/en\/blog\/menopause-and-hair-loss-in-women-understanding-and-taking-action\/","title":{"rendered":"Menopause and Hair Loss in Women: Understanding and Taking Action"},"content":{"rendered":"\t\t<div data-elementor-type=\"wp-post\" data-elementor-id=\"29211\" class=\"elementor elementor-29211 elementor-29210\" data-elementor-post-type=\"post\">\n\t\t\t\t\t\t<section class=\"elementor-section elementor-top-section elementor-element elementor-element-3c39258 elementor-section-full_width elementor-section-height-default elementor-section-height-default\" data-id=\"3c39258\" data-element_type=\"section\" data-e-type=\"section\">\n\t\t\t\t\t\t<div class=\"elementor-container elementor-column-gap-default\">\n\t\t\t\t\t<div class=\"elementor-column elementor-col-100 elementor-top-column elementor-element elementor-element-c704210\" data-id=\"c704210\" data-element_type=\"column\" data-e-type=\"column\">\n\t\t\t<div class=\"elementor-widget-wrap elementor-element-populated\">\n\t\t\t\t\t\t<div class=\"elementor-element elementor-element-5ec1e27 elementor-widget elementor-widget-text-editor\" data-id=\"5ec1e27\" data-element_type=\"widget\" data-e-type=\"widget\" data-widget_type=\"text-editor.default\">\n\t\t\t\t<div class=\"elementor-widget-container\">\n\t\t\t\t\t\t\t\t\t<p>While hair loss has long been associated with androgenetic alopecia experienced by men at various stages of their lives, it&#8217;s essential to note that menopausal women now represent over 40% of individuals reporting partial or complete hair loss. Are the causes of hair loss during menopause solely physical? In this article, Groupe M\u00e9dical PAI&#8217;s expertise in women&#8217;s hair loss sheds light on menopause-related factors.<\/p>\t\t\t\t\t\t\t\t<\/div>\n\t\t\t\t<\/div>\n\t\t\t\t<div class=\"elementor-element elementor-element-9cc9cb3 elementor-widget elementor-widget-heading\" data-id=\"9cc9cb3\" data-element_type=\"widget\" data-e-type=\"widget\" data-widget_type=\"heading.default\">\n\t\t\t\t<div class=\"elementor-widget-container\">\n\t\t\t\t\t<h2 class=\"elementor-heading-title elementor-size-default\">Stress and Menopause: A Cause of Increased Hair Loss<\/h2>\t\t\t\t<\/div>\n\t\t\t\t<\/div>\n\t\t\t\t<div class=\"elementor-element elementor-element-2aea3f6 elementor-widget elementor-widget-image\" data-id=\"2aea3f6\" data-element_type=\"widget\" data-e-type=\"widget\" data-widget_type=\"image.default\">\n\t\t\t\t<div class=\"elementor-widget-container\">\n\t\t\t\t\t\t\t\t\t\t\t\t\t\t\t<img fetchpriority=\"high\" decoding=\"async\" width=\"1792\" height=\"1024\" src=\"https:\/\/www.greffecheveuxpai.com\/wp-content\/uploads\/2024\/05\/stress-menopause-et-perte-de-cheveux.webp\" class=\"attachment-full size-full wp-image-29218\" alt=\"Le stress et la m\u00e9nopause : une cause de perte de cheveux accrue\" srcset=\"https:\/\/www.greffecheveuxpai.com\/wp-content\/uploads\/2024\/05\/stress-menopause-et-perte-de-cheveux.webp 1792w, https:\/\/www.greffecheveuxpai.com\/wp-content\/uploads\/2024\/05\/stress-menopause-et-perte-de-cheveux-300x171.webp 300w, https:\/\/www.greffecheveuxpai.com\/wp-content\/uploads\/2024\/05\/stress-menopause-et-perte-de-cheveux-1024x585.webp 1024w, https:\/\/www.greffecheveuxpai.com\/wp-content\/uploads\/2024\/05\/stress-menopause-et-perte-de-cheveux-768x439.webp 768w, https:\/\/www.greffecheveuxpai.com\/wp-content\/uploads\/2024\/05\/stress-menopause-et-perte-de-cheveux-1536x878.webp 1536w\" sizes=\"(max-width: 1792px) 100vw, 1792px\" \/>\t\t\t\t\t\t\t\t\t\t\t\t\t\t\t<\/div>\n\t\t\t\t<\/div>\n\t\t\t\t<div class=\"elementor-element elementor-element-059ba8f elementor-widget elementor-widget-text-editor\" data-id=\"059ba8f\" data-element_type=\"widget\" data-e-type=\"widget\" data-widget_type=\"text-editor.default\">\n\t\t\t\t<div class=\"elementor-widget-container\">\n\t\t\t\t\t\t\t\t\t<p>From a physical perspective, menopause inevitably brings various transformations in women, such as hot flashes and fatigue. It is also accompanied by emotional and psychological elements like mood swings, insomnia, stress, and anxiety. This hormonal upheaval typically occurs around the age of 51, but its effects persist for several years of physiological changes, with perimenopause potentially lasting more than eight years. The complete cessation of reproductive hormones&#8217; synthesis (estrogens and progesterone) is just one aspect of this phase in women&#8217;s lives.\u00a0<\/p><p>Hair loss in women most often occurs simultaneously with menopause. Hair undergoes a change in appearance, becoming much finer and drier, making it more susceptible to damage. To prevent increased hair loss, the key is to reduce stress, which remains the number one adversary for menopausal women.<\/p><p>It is essential to remember that stress is one of the causes of hair loss. In menopausal women, it&#8217;s not surprising that stress levels are high. Imagine going through hormonal upheaval for several years, witnessing your hair thinning, changing appearance, and no longer recognizing yourself during mood swings.<\/p>\t\t\t\t\t\t\t\t<\/div>\n\t\t\t\t<\/div>\n\t\t\t\t<div class=\"elementor-element elementor-element-b2afd5e elementor-widget elementor-widget-heading\" data-id=\"b2afd5e\" data-element_type=\"widget\" data-e-type=\"widget\" data-widget_type=\"heading.default\">\n\t\t\t\t<div class=\"elementor-widget-container\">\n\t\t\t\t\t<h2 class=\"elementor-heading-title elementor-size-default\">Hormones and Hair Loss in Women<\/h2>\t\t\t\t<\/div>\n\t\t\t\t<\/div>\n\t\t\t\t<div class=\"elementor-element elementor-element-a0a68dc elementor-widget elementor-widget-image\" data-id=\"a0a68dc\" data-element_type=\"widget\" data-e-type=\"widget\" data-widget_type=\"image.default\">\n\t\t\t\t<div class=\"elementor-widget-container\">\n\t\t\t\t\t\t\t\t\t\t\t\t\t\t\t<img decoding=\"async\" width=\"1792\" height=\"1024\" src=\"https:\/\/www.greffecheveuxpai.com\/wp-content\/uploads\/2024\/05\/hormones-et-perte-de-cheveux-femmes.webp\" class=\"attachment-full size-full wp-image-29215\" alt=\"Les hormones et la perte de cheveux chez les femmes\" srcset=\"https:\/\/www.greffecheveuxpai.com\/wp-content\/uploads\/2024\/05\/hormones-et-perte-de-cheveux-femmes.webp 1792w, https:\/\/www.greffecheveuxpai.com\/wp-content\/uploads\/2024\/05\/hormones-et-perte-de-cheveux-femmes-300x171.webp 300w, https:\/\/www.greffecheveuxpai.com\/wp-content\/uploads\/2024\/05\/hormones-et-perte-de-cheveux-femmes-1024x585.webp 1024w, https:\/\/www.greffecheveuxpai.com\/wp-content\/uploads\/2024\/05\/hormones-et-perte-de-cheveux-femmes-768x439.webp 768w, https:\/\/www.greffecheveuxpai.com\/wp-content\/uploads\/2024\/05\/hormones-et-perte-de-cheveux-femmes-1536x878.webp 1536w\" sizes=\"(max-width: 1792px) 100vw, 1792px\" \/>\t\t\t\t\t\t\t\t\t\t\t\t\t\t\t<\/div>\n\t\t\t\t<\/div>\n\t\t\t\t<div class=\"elementor-element elementor-element-bc7c366 elementor-widget elementor-widget-text-editor\" data-id=\"bc7c366\" data-element_type=\"widget\" data-e-type=\"widget\" data-widget_type=\"text-editor.default\">\n\t\t\t\t<div class=\"elementor-widget-container\">\n\t\t\t\t\t\t\t\t\t<p>While estrogens and progesterone are no longer synthesized once menopause is complete, testosterone continues to circulate disproportionately. With a significant influence on hair follicles, testosterone accelerates hair growth, but the new hair grows thinner, less robust, and more fragile.\u00a0<\/p><p>This is when a vicious circle forms: by observing their thin and damaged hair, women, already grappling with numerous menopause-related issues, will experience additional stress. Since stress is detrimental to maintaining a healthy head of hair, this leads to hair loss.<\/p>\t\t\t\t\t\t\t\t<\/div>\n\t\t\t\t<\/div>\n\t\t\t\t\t<\/div>\n\t\t<\/div>\n\t\t\t\t\t<\/div>\n\t\t<\/section>\n\t\t\t\t<section class=\"elementor-section elementor-top-section elementor-element elementor-element-44b5e6a elementor-section-full_width elementor-section-height-default elementor-section-height-default\" data-id=\"44b5e6a\" data-element_type=\"section\" data-e-type=\"section\">\n\t\t\t\t\t\t<div class=\"elementor-container elementor-column-gap-default\">\n\t\t\t\t\t<div class=\"elementor-column elementor-col-100 elementor-top-column elementor-element elementor-element-b6f4b7e\" data-id=\"b6f4b7e\" data-element_type=\"column\" data-e-type=\"column\">\n\t\t\t<div class=\"elementor-widget-wrap elementor-element-populated\">\n\t\t\t\t\t\t<div class=\"elementor-element elementor-element-0f28510 elementor-widget elementor-widget-heading\" data-id=\"0f28510\" data-element_type=\"widget\" data-e-type=\"widget\" data-widget_type=\"heading.default\">\n\t\t\t\t<div class=\"elementor-widget-container\">\n\t\t\t\t\t<h2 class=\"elementor-heading-title elementor-size-default\">How to Minimize Hair Loss during Menopause<\/h2>\t\t\t\t<\/div>\n\t\t\t\t<\/div>\n\t\t\t\t<div class=\"elementor-element elementor-element-7393129 elementor-widget elementor-widget-text-editor\" data-id=\"7393129\" data-element_type=\"widget\" data-e-type=\"widget\" data-widget_type=\"text-editor.default\">\n\t\t\t\t<div class=\"elementor-widget-container\">\n\t\t\t\t\t\t\t\t\tThere is no miraculous solution to avoid the various stages of menopause, but many ways can help reduce increased hair loss during this period. By adopting healthy lifestyle habits to reduce stress and ensuring a balanced diet, you can decrease the risk of premature hair loss.\t\t\t\t\t\t\t\t<\/div>\n\t\t\t\t<\/div>\n\t\t\t\t\t<\/div>\n\t\t<\/div>\n\t\t\t\t\t<\/div>\n\t\t<\/section>\n\t\t\t\t<section class=\"elementor-section elementor-top-section elementor-element elementor-element-0da9a99 elementor-section-boxed elementor-section-height-default elementor-section-height-default\" data-id=\"0da9a99\" data-element_type=\"section\" data-e-type=\"section\" data-settings=\"{&quot;background_background&quot;:&quot;classic&quot;}\">\n\t\t\t\t\t\t<div class=\"elementor-container elementor-column-gap-default\">\n\t\t\t\t\t<div class=\"elementor-column elementor-col-100 elementor-top-column elementor-element elementor-element-cd5d8dc\" data-id=\"cd5d8dc\" data-element_type=\"column\" data-e-type=\"column\">\n\t\t\t<div class=\"elementor-widget-wrap elementor-element-populated\">\n\t\t\t\t\t\t<div class=\"elementor-element elementor-element-015110b elementor-widget elementor-widget-heading\" data-id=\"015110b\" data-element_type=\"widget\" data-e-type=\"widget\" data-widget_type=\"heading.default\">\n\t\t\t\t<div class=\"elementor-widget-container\">\n\t\t\t\t\t<h2 class=\"elementor-heading-title elementor-size-default\">Should You Worry?<\/h2>\t\t\t\t<\/div>\n\t\t\t\t<\/div>\n\t\t\t\t<div class=\"elementor-element elementor-element-b556776 elementor-widget elementor-widget-text-editor\" data-id=\"b556776\" data-element_type=\"widget\" data-e-type=\"widget\" data-widget_type=\"text-editor.default\">\n\t\t\t\t<div class=\"elementor-widget-container\">\n\t\t\t\t\t\t\t\t\tHair loss is a significant concern for women, and Groupe M\u00e9dical PAI encourages you to consult a professional as soon as hair loss troubles you. The team of specialists at Groupe M\u00e9dical PAI is here to provide guidance and lead you toward the most suitable solution for hair loss.\t\t\t\t\t\t\t\t<\/div>\n\t\t\t\t<\/div>\n\t\t\t\t<div class=\"elementor-element elementor-element-a1e65b1 elementor-align-center elementor-widget elementor-widget-button\" data-id=\"a1e65b1\" data-element_type=\"widget\" data-e-type=\"widget\" data-widget_type=\"button.default\">\n\t\t\t\t<div class=\"elementor-widget-container\">\n\t\t\t\t\t\t\t\t\t<div class=\"elementor-button-wrapper\">\n\t\t\t\t\t<a class=\"elementor-button elementor-button-link elementor-size-sm\" href=\"https:\/\/www.greffecheveuxpai.com\/en\/consultation\/\">\n\t\t\t\t\t\t<span class=\"elementor-button-content-wrapper\">\n\t\t\t\t\t\t\t\t\t<span class=\"elementor-button-text\">Make an appointment<\/span>\n\t\t\t\t\t<\/span>\n\t\t\t\t\t<\/a>\n\t\t\t\t<\/div>\n\t\t\t\t\t\t\t\t<\/div>\n\t\t\t\t<\/div>\n\t\t\t\t\t<\/div>\n\t\t<\/div>\n\t\t\t\t\t<\/div>\n\t\t<\/section>\n\t\t\t\t<\/div>\n\t\t","protected":false},"excerpt":{"rendered":"<p>While hair loss has long been associated with androgenetic alopecia experienced by men at various stages of their lives, it&#8217;s essential to note that menopausal women now represent over 40% of individuals reporting partial or complete hair loss. Are the causes of hair loss during menopause solely physical? In this article, Groupe M\u00e9dical PAI&#8217;s expertise [&hellip;]<\/p>\n","protected":false},"author":1,"featured_media":29233,"comment_status":"closed","ping_status":"closed","sticky":false,"template":"","format":"standard","meta":{"inline_featured_image":false,"site-sidebar-layout":"default","site-content-layout":"","ast-site-content-layout":"default","site-content-style":"default","site-sidebar-style":"default","ast-global-header-display":"","ast-banner-title-visibility":"","ast-main-header-display":"","ast-hfb-above-header-display":"","ast-hfb-below-header-display":"","ast-hfb-mobile-header-display":"","site-post-title":"","ast-breadcrumbs-content":"","ast-featured-img":"","footer-sml-layout":"","ast-disable-related-posts":"","theme-transparent-header-meta":"default","adv-header-id-meta":"","stick-header-meta":"default","header-above-stick-meta":"","header-main-stick-meta":"","header-below-stick-meta":"","astra-migrate-meta-layouts":"set","ast-page-background-enabled":"default","ast-page-background-meta":{"desktop":{"background-color":"var(--ast-global-color-4)","background-image":"","background-repeat":"repeat","background-position":"center center","background-size":"auto","background-attachment":"scroll","background-type":"","background-media":"","overlay-type":"","overlay-color":"","overlay-opacity":"","overlay-gradient":""},"tablet":{"background-color":"","background-image":"","background-repeat":"repeat","background-position":"center center","background-size":"auto","background-attachment":"scroll","background-type":"","background-media":"","overlay-type":"","overlay-color":"","overlay-opacity":"","overlay-gradient":""},"mobile":{"background-color":"","background-image":"","background-repeat":"repeat","background-position":"center center","background-size":"auto","background-attachment":"scroll","background-type":"","background-media":"","overlay-type":"","overlay-color":"","overlay-opacity":"","overlay-gradient":""}},"ast-content-background-meta":{"desktop":{"background-color":"var(--ast-global-color-5)","background-image":"","background-repeat":"repeat","background-position":"center center","background-size":"auto","background-attachment":"scroll","background-type":"","background-media":"","overlay-type":"","overlay-color":"","overlay-opacity":"","overlay-gradient":""},"tablet":{"background-color":"var(--ast-global-color-5)","background-image":"","background-repeat":"repeat","background-position":"center center","background-size":"auto","background-attachment":"scroll","background-type":"","background-media":"","overlay-type":"","overlay-color":"","overlay-opacity":"","overlay-gradient":""},"mobile":{"background-color":"var(--ast-global-color-5)","background-image":"","background-repeat":"repeat","background-position":"center center","background-size":"auto","background-attachment":"scroll","background-type":"","background-media":"","overlay-type":"","overlay-color":"","overlay-opacity":"","overlay-gradient":""}},"footnotes":""},"categories":[63,127,124],"tags":[],"class_list":["post-29211","post","type-post","status-publish","format-standard","has-post-thumbnail","hentry","category-blog","category-hair-care-blog","category-women"],"yoast_head":"<!-- This site is optimized with the Yoast SEO plugin v27.4 - https:\/\/yoast.com\/product\/yoast-seo-wordpress\/ -->\n<title>Menopause and hair loss: understanding &amp; applying | PAI Medical Group<\/title>\n<meta name=\"description\" content=\"Explore how menopause impacts women&#039;s hair health and learn hair loss prevention tips from Groupe M\u00e9dical PAI. Read this article to learn more!\" \/>\n<meta name=\"robots\" content=\"index, follow, max-snippet:-1, max-image-preview:large, max-video-preview:-1\" \/>\n<link rel=\"canonical\" href=\"https:\/\/www.greffecheveuxpai.com\/en\/blog\/menopause-and-hair-loss-in-women-understanding-and-taking-action\/\" \/>\n<meta property=\"og:locale\" content=\"en_US\" \/>\n<meta property=\"og:type\" content=\"article\" \/>\n<meta property=\"og:title\" content=\"Menopause and hair loss: understanding &amp; applying | PAI Medical Group\" \/>\n<meta property=\"og:description\" content=\"Explore how menopause impacts women&#039;s hair health and learn hair loss prevention tips from Groupe M\u00e9dical PAI. Read this article to learn more!\" \/>\n<meta property=\"og:url\" content=\"https:\/\/www.greffecheveuxpai.com\/en\/blog\/menopause-and-hair-loss-in-women-understanding-and-taking-action\/\" \/>\n<meta property=\"og:site_name\" content=\"Groupe M\u00e9dical PAI\" \/>\n<meta property=\"article:publisher\" content=\"https:\/\/www.facebook.com\/GroupeMedicalPAI\" \/>\n<meta property=\"article:published_time\" content=\"2024-05-13T14:30:25+00:00\" \/>\n<meta property=\"article:modified_time\" content=\"2024-07-10T12:44:04+00:00\" \/>\n<meta property=\"og:image\" content=\"https:\/\/www.greffecheveuxpai.com\/wp-content\/uploads\/2024\/05\/menopause-et-perte-cheveux-femmes.jpg\" \/>\n\t<meta property=\"og:image:width\" content=\"1200\" \/>\n\t<meta property=\"og:image:height\" content=\"500\" \/>\n\t<meta property=\"og:image:type\" content=\"image\/jpeg\" \/>\n<meta name=\"author\" content=\"Nivii\" \/>\n<meta name=\"twitter:card\" content=\"summary_large_image\" \/>\n<meta name=\"twitter:label1\" content=\"Written by\" \/>\n\t<meta name=\"twitter:data1\" content=\"Nivii\" \/>\n\t<meta name=\"twitter:label2\" content=\"Est. reading time\" \/>\n\t<meta name=\"twitter:data2\" content=\"3 minutes\" \/>\n<script type=\"application\/ld+json\" class=\"yoast-schema-graph\">{\"@context\":\"https:\\\/\\\/schema.org\",\"@graph\":[{\"@type\":\"Article\",\"@id\":\"https:\\\/\\\/www.greffecheveuxpai.com\\\/en\\\/blog\\\/menopause-and-hair-loss-in-women-understanding-and-taking-action\\\/#article\",\"isPartOf\":{\"@id\":\"https:\\\/\\\/www.greffecheveuxpai.com\\\/en\\\/blog\\\/menopause-and-hair-loss-in-women-understanding-and-taking-action\\\/\"},\"author\":{\"name\":\"Nivii\",\"@id\":\"https:\\\/\\\/www.greffecheveuxpai.com\\\/en\\\/#\\\/schema\\\/person\\\/c7acc605bdbda0de2f0d0efa3a7810c5\"},\"headline\":\"Menopause and Hair Loss in Women: Understanding and Taking Action\",\"datePublished\":\"2024-05-13T14:30:25+00:00\",\"dateModified\":\"2024-07-10T12:44:04+00:00\",\"mainEntityOfPage\":{\"@id\":\"https:\\\/\\\/www.greffecheveuxpai.com\\\/en\\\/blog\\\/menopause-and-hair-loss-in-women-understanding-and-taking-action\\\/\"},\"wordCount\":459,\"publisher\":{\"@id\":\"https:\\\/\\\/www.greffecheveuxpai.com\\\/en\\\/#organization\"},\"image\":{\"@id\":\"https:\\\/\\\/www.greffecheveuxpai.com\\\/en\\\/blog\\\/menopause-and-hair-loss-in-women-understanding-and-taking-action\\\/#primaryimage\"},\"thumbnailUrl\":\"https:\\\/\\\/www.greffecheveuxpai.com\\\/wp-content\\\/uploads\\\/2024\\\/05\\\/menopause-et-perte-cheveux-femmes.jpg\",\"articleSection\":[\"Blog\",\"Hair care\",\"Women\"],\"inLanguage\":\"en-CA\"},{\"@type\":\"WebPage\",\"@id\":\"https:\\\/\\\/www.greffecheveuxpai.com\\\/en\\\/blog\\\/menopause-and-hair-loss-in-women-understanding-and-taking-action\\\/\",\"url\":\"https:\\\/\\\/www.greffecheveuxpai.com\\\/en\\\/blog\\\/menopause-and-hair-loss-in-women-understanding-and-taking-action\\\/\",\"name\":\"Menopause and hair loss: understanding & applying | PAI Medical Group\",\"isPartOf\":{\"@id\":\"https:\\\/\\\/www.greffecheveuxpai.com\\\/en\\\/#website\"},\"primaryImageOfPage\":{\"@id\":\"https:\\\/\\\/www.greffecheveuxpai.com\\\/en\\\/blog\\\/menopause-and-hair-loss-in-women-understanding-and-taking-action\\\/#primaryimage\"},\"image\":{\"@id\":\"https:\\\/\\\/www.greffecheveuxpai.com\\\/en\\\/blog\\\/menopause-and-hair-loss-in-women-understanding-and-taking-action\\\/#primaryimage\"},\"thumbnailUrl\":\"https:\\\/\\\/www.greffecheveuxpai.com\\\/wp-content\\\/uploads\\\/2024\\\/05\\\/menopause-et-perte-cheveux-femmes.jpg\",\"datePublished\":\"2024-05-13T14:30:25+00:00\",\"dateModified\":\"2024-07-10T12:44:04+00:00\",\"description\":\"Explore how menopause impacts women's hair health and learn hair loss prevention tips from Groupe M\u00e9dical PAI. Read this article to learn more!\",\"breadcrumb\":{\"@id\":\"https:\\\/\\\/www.greffecheveuxpai.com\\\/en\\\/blog\\\/menopause-and-hair-loss-in-women-understanding-and-taking-action\\\/#breadcrumb\"},\"inLanguage\":\"en-CA\",\"potentialAction\":[{\"@type\":\"ReadAction\",\"target\":[\"https:\\\/\\\/www.greffecheveuxpai.com\\\/en\\\/blog\\\/menopause-and-hair-loss-in-women-understanding-and-taking-action\\\/\"]}]},{\"@type\":\"ImageObject\",\"inLanguage\":\"en-CA\",\"@id\":\"https:\\\/\\\/www.greffecheveuxpai.com\\\/en\\\/blog\\\/menopause-and-hair-loss-in-women-understanding-and-taking-action\\\/#primaryimage\",\"url\":\"https:\\\/\\\/www.greffecheveuxpai.com\\\/wp-content\\\/uploads\\\/2024\\\/05\\\/menopause-et-perte-cheveux-femmes.jpg\",\"contentUrl\":\"https:\\\/\\\/www.greffecheveuxpai.com\\\/wp-content\\\/uploads\\\/2024\\\/05\\\/menopause-et-perte-cheveux-femmes.jpg\",\"width\":1200,\"height\":500,\"caption\":\"Menopause and Hair Loss\"},{\"@type\":\"BreadcrumbList\",\"@id\":\"https:\\\/\\\/www.greffecheveuxpai.com\\\/en\\\/blog\\\/menopause-and-hair-loss-in-women-understanding-and-taking-action\\\/#breadcrumb\",\"itemListElement\":[{\"@type\":\"ListItem\",\"position\":1,\"name\":\"Home\",\"item\":\"https:\\\/\\\/www.greffecheveuxpai.com\\\/en\\\/\"},{\"@type\":\"ListItem\",\"position\":2,\"name\":\"Menopause and Hair Loss in Women: Understanding and Taking Action\"}]},{\"@type\":\"WebSite\",\"@id\":\"https:\\\/\\\/www.greffecheveuxpai.com\\\/en\\\/#website\",\"url\":\"https:\\\/\\\/www.greffecheveuxpai.com\\\/en\\\/\",\"name\":\"Groupe M\u00e9dical PAI\",\"description\":\"La r\u00e9f\u00e9rence pour la greffe de cheveux\",\"publisher\":{\"@id\":\"https:\\\/\\\/www.greffecheveuxpai.com\\\/en\\\/#organization\"},\"potentialAction\":[{\"@type\":\"SearchAction\",\"target\":{\"@type\":\"EntryPoint\",\"urlTemplate\":\"https:\\\/\\\/www.greffecheveuxpai.com\\\/en\\\/?s={search_term_string}\"},\"query-input\":{\"@type\":\"PropertyValueSpecification\",\"valueRequired\":true,\"valueName\":\"search_term_string\"}}],\"inLanguage\":\"en-CA\"},{\"@type\":\"Organization\",\"@id\":\"https:\\\/\\\/www.greffecheveuxpai.com\\\/en\\\/#organization\",\"name\":\"Greffe de cheveux PAI\",\"alternateName\":\"Greffe de cheveux PAI\",\"url\":\"https:\\\/\\\/www.greffecheveuxpai.com\\\/en\\\/\",\"logo\":{\"@type\":\"ImageObject\",\"inLanguage\":\"en-CA\",\"@id\":\"https:\\\/\\\/www.greffecheveuxpai.com\\\/en\\\/#\\\/schema\\\/logo\\\/image\\\/\",\"url\":\"https:\\\/\\\/www.greffecheveuxpai.com\\\/wp-content\\\/uploads\\\/2023\\\/06\\\/groupe-medical-pai-logo.svg.svg\",\"contentUrl\":\"https:\\\/\\\/www.greffecheveuxpai.com\\\/wp-content\\\/uploads\\\/2023\\\/06\\\/groupe-medical-pai-logo.svg.svg\",\"width\":188,\"height\":48,\"caption\":\"Greffe de cheveux PAI\"},\"image\":{\"@id\":\"https:\\\/\\\/www.greffecheveuxpai.com\\\/en\\\/#\\\/schema\\\/logo\\\/image\\\/\"},\"sameAs\":[\"https:\\\/\\\/www.facebook.com\\\/GroupeMedicalPAI\",\"https:\\\/\\\/www.youtube.com\\\/channel\\\/UCUiL9NKQApQK6TFB2Ee9y3A\",\"http:\\\/\\\/fr.yelp.ca\\\/biz\\\/greffe-de-cheveux-pai-saint-hubert\"]},{\"@type\":\"Person\",\"@id\":\"https:\\\/\\\/www.greffecheveuxpai.com\\\/en\\\/#\\\/schema\\\/person\\\/c7acc605bdbda0de2f0d0efa3a7810c5\",\"name\":\"Nivii\",\"image\":{\"@type\":\"ImageObject\",\"inLanguage\":\"en-CA\",\"@id\":\"https:\\\/\\\/secure.gravatar.com\\\/avatar\\\/0274fdd958d8f72f07bf6313727a6ce9c583f76a10212166ce59559c02257f7a?s=96&d=blank&r=g\",\"url\":\"https:\\\/\\\/secure.gravatar.com\\\/avatar\\\/0274fdd958d8f72f07bf6313727a6ce9c583f76a10212166ce59559c02257f7a?s=96&d=blank&r=g\",\"contentUrl\":\"https:\\\/\\\/secure.gravatar.com\\\/avatar\\\/0274fdd958d8f72f07bf6313727a6ce9c583f76a10212166ce59559c02257f7a?s=96&d=blank&r=g\",\"caption\":\"Nivii\"}}]}<\/script>\n<!-- \/ Yoast SEO plugin. -->","yoast_head_json":{"title":"Menopause and hair loss: understanding & applying | PAI Medical Group","description":"Explore how menopause impacts women's hair health and learn hair loss prevention tips from Groupe M\u00e9dical PAI. Read this article to learn more!","robots":{"index":"index","follow":"follow","max-snippet":"max-snippet:-1","max-image-preview":"max-image-preview:large","max-video-preview":"max-video-preview:-1"},"canonical":"https:\/\/www.greffecheveuxpai.com\/en\/blog\/menopause-and-hair-loss-in-women-understanding-and-taking-action\/","og_locale":"en_US","og_type":"article","og_title":"Menopause and hair loss: understanding & applying | PAI Medical Group","og_description":"Explore how menopause impacts women's hair health and learn hair loss prevention tips from Groupe M\u00e9dical PAI. Read this article to learn more!","og_url":"https:\/\/www.greffecheveuxpai.com\/en\/blog\/menopause-and-hair-loss-in-women-understanding-and-taking-action\/","og_site_name":"Groupe M\u00e9dical PAI","article_publisher":"https:\/\/www.facebook.com\/GroupeMedicalPAI","article_published_time":"2024-05-13T14:30:25+00:00","article_modified_time":"2024-07-10T12:44:04+00:00","og_image":[{"width":1200,"height":500,"url":"https:\/\/www.greffecheveuxpai.com\/wp-content\/uploads\/2024\/05\/menopause-et-perte-cheveux-femmes.jpg","type":"image\/jpeg"}],"author":"Nivii","twitter_card":"summary_large_image","twitter_misc":{"Written by":"Nivii","Est. reading time":"3 minutes"},"schema":{"@context":"https:\/\/schema.org","@graph":[{"@type":"Article","@id":"https:\/\/www.greffecheveuxpai.com\/en\/blog\/menopause-and-hair-loss-in-women-understanding-and-taking-action\/#article","isPartOf":{"@id":"https:\/\/www.greffecheveuxpai.com\/en\/blog\/menopause-and-hair-loss-in-women-understanding-and-taking-action\/"},"author":{"name":"Nivii","@id":"https:\/\/www.greffecheveuxpai.com\/en\/#\/schema\/person\/c7acc605bdbda0de2f0d0efa3a7810c5"},"headline":"Menopause and Hair Loss in Women: Understanding and Taking Action","datePublished":"2024-05-13T14:30:25+00:00","dateModified":"2024-07-10T12:44:04+00:00","mainEntityOfPage":{"@id":"https:\/\/www.greffecheveuxpai.com\/en\/blog\/menopause-and-hair-loss-in-women-understanding-and-taking-action\/"},"wordCount":459,"publisher":{"@id":"https:\/\/www.greffecheveuxpai.com\/en\/#organization"},"image":{"@id":"https:\/\/www.greffecheveuxpai.com\/en\/blog\/menopause-and-hair-loss-in-women-understanding-and-taking-action\/#primaryimage"},"thumbnailUrl":"https:\/\/www.greffecheveuxpai.com\/wp-content\/uploads\/2024\/05\/menopause-et-perte-cheveux-femmes.jpg","articleSection":["Blog","Hair care","Women"],"inLanguage":"en-CA"},{"@type":"WebPage","@id":"https:\/\/www.greffecheveuxpai.com\/en\/blog\/menopause-and-hair-loss-in-women-understanding-and-taking-action\/","url":"https:\/\/www.greffecheveuxpai.com\/en\/blog\/menopause-and-hair-loss-in-women-understanding-and-taking-action\/","name":"Menopause and hair loss: understanding & applying | PAI Medical Group","isPartOf":{"@id":"https:\/\/www.greffecheveuxpai.com\/en\/#website"},"primaryImageOfPage":{"@id":"https:\/\/www.greffecheveuxpai.com\/en\/blog\/menopause-and-hair-loss-in-women-understanding-and-taking-action\/#primaryimage"},"image":{"@id":"https:\/\/www.greffecheveuxpai.com\/en\/blog\/menopause-and-hair-loss-in-women-understanding-and-taking-action\/#primaryimage"},"thumbnailUrl":"https:\/\/www.greffecheveuxpai.com\/wp-content\/uploads\/2024\/05\/menopause-et-perte-cheveux-femmes.jpg","datePublished":"2024-05-13T14:30:25+00:00","dateModified":"2024-07-10T12:44:04+00:00","description":"Explore how menopause impacts women's hair health and learn hair loss prevention tips from Groupe M\u00e9dical PAI. Read this article to learn more!","breadcrumb":{"@id":"https:\/\/www.greffecheveuxpai.com\/en\/blog\/menopause-and-hair-loss-in-women-understanding-and-taking-action\/#breadcrumb"},"inLanguage":"en-CA","potentialAction":[{"@type":"ReadAction","target":["https:\/\/www.greffecheveuxpai.com\/en\/blog\/menopause-and-hair-loss-in-women-understanding-and-taking-action\/"]}]},{"@type":"ImageObject","inLanguage":"en-CA","@id":"https:\/\/www.greffecheveuxpai.com\/en\/blog\/menopause-and-hair-loss-in-women-understanding-and-taking-action\/#primaryimage","url":"https:\/\/www.greffecheveuxpai.com\/wp-content\/uploads\/2024\/05\/menopause-et-perte-cheveux-femmes.jpg","contentUrl":"https:\/\/www.greffecheveuxpai.com\/wp-content\/uploads\/2024\/05\/menopause-et-perte-cheveux-femmes.jpg","width":1200,"height":500,"caption":"Menopause and Hair Loss"},{"@type":"BreadcrumbList","@id":"https:\/\/www.greffecheveuxpai.com\/en\/blog\/menopause-and-hair-loss-in-women-understanding-and-taking-action\/#breadcrumb","itemListElement":[{"@type":"ListItem","position":1,"name":"Home","item":"https:\/\/www.greffecheveuxpai.com\/en\/"},{"@type":"ListItem","position":2,"name":"Menopause and Hair Loss in Women: Understanding and Taking Action"}]},{"@type":"WebSite","@id":"https:\/\/www.greffecheveuxpai.com\/en\/#website","url":"https:\/\/www.greffecheveuxpai.com\/en\/","name":"Groupe M\u00e9dical PAI","description":"La r\u00e9f\u00e9rence pour la greffe de cheveux","publisher":{"@id":"https:\/\/www.greffecheveuxpai.com\/en\/#organization"},"potentialAction":[{"@type":"SearchAction","target":{"@type":"EntryPoint","urlTemplate":"https:\/\/www.greffecheveuxpai.com\/en\/?s={search_term_string}"},"query-input":{"@type":"PropertyValueSpecification","valueRequired":true,"valueName":"search_term_string"}}],"inLanguage":"en-CA"},{"@type":"Organization","@id":"https:\/\/www.greffecheveuxpai.com\/en\/#organization","name":"Greffe de cheveux PAI","alternateName":"Greffe de cheveux PAI","url":"https:\/\/www.greffecheveuxpai.com\/en\/","logo":{"@type":"ImageObject","inLanguage":"en-CA","@id":"https:\/\/www.greffecheveuxpai.com\/en\/#\/schema\/logo\/image\/","url":"https:\/\/www.greffecheveuxpai.com\/wp-content\/uploads\/2023\/06\/groupe-medical-pai-logo.svg.svg","contentUrl":"https:\/\/www.greffecheveuxpai.com\/wp-content\/uploads\/2023\/06\/groupe-medical-pai-logo.svg.svg","width":188,"height":48,"caption":"Greffe de cheveux PAI"},"image":{"@id":"https:\/\/www.greffecheveuxpai.com\/en\/#\/schema\/logo\/image\/"},"sameAs":["https:\/\/www.facebook.com\/GroupeMedicalPAI","https:\/\/www.youtube.com\/channel\/UCUiL9NKQApQK6TFB2Ee9y3A","http:\/\/fr.yelp.ca\/biz\/greffe-de-cheveux-pai-saint-hubert"]},{"@type":"Person","@id":"https:\/\/www.greffecheveuxpai.com\/en\/#\/schema\/person\/c7acc605bdbda0de2f0d0efa3a7810c5","name":"Nivii","image":{"@type":"ImageObject","inLanguage":"en-CA","@id":"https:\/\/secure.gravatar.com\/avatar\/0274fdd958d8f72f07bf6313727a6ce9c583f76a10212166ce59559c02257f7a?s=96&d=blank&r=g","url":"https:\/\/secure.gravatar.com\/avatar\/0274fdd958d8f72f07bf6313727a6ce9c583f76a10212166ce59559c02257f7a?s=96&d=blank&r=g","contentUrl":"https:\/\/secure.gravatar.com\/avatar\/0274fdd958d8f72f07bf6313727a6ce9c583f76a10212166ce59559c02257f7a?s=96&d=blank&r=g","caption":"Nivii"}}]}},"_links":{"self":[{"href":"https:\/\/www.greffecheveuxpai.com\/en\/wp-json\/wp\/v2\/posts\/29211","targetHints":{"allow":["GET"]}}],"collection":[{"href":"https:\/\/www.greffecheveuxpai.com\/en\/wp-json\/wp\/v2\/posts"}],"about":[{"href":"https:\/\/www.greffecheveuxpai.com\/en\/wp-json\/wp\/v2\/types\/post"}],"author":[{"embeddable":true,"href":"https:\/\/www.greffecheveuxpai.com\/en\/wp-json\/wp\/v2\/users\/1"}],"replies":[{"embeddable":true,"href":"https:\/\/www.greffecheveuxpai.com\/en\/wp-json\/wp\/v2\/comments?post=29211"}],"version-history":[{"count":0,"href":"https:\/\/www.greffecheveuxpai.com\/en\/wp-json\/wp\/v2\/posts\/29211\/revisions"}],"wp:featuredmedia":[{"embeddable":true,"href":"https:\/\/www.greffecheveuxpai.com\/en\/wp-json\/wp\/v2\/media\/29233"}],"wp:attachment":[{"href":"https:\/\/www.greffecheveuxpai.com\/en\/wp-json\/wp\/v2\/media?parent=29211"}],"wp:term":[{"taxonomy":"category","embeddable":true,"href":"https:\/\/www.greffecheveuxpai.com\/en\/wp-json\/wp\/v2\/categories?post=29211"},{"taxonomy":"post_tag","embeddable":true,"href":"https:\/\/www.greffecheveuxpai.com\/en\/wp-json\/wp\/v2\/tags?post=29211"}],"curies":[{"name":"wp","href":"https:\/\/api.w.org\/{rel}","templated":true}]}}