{"id":29705,"date":"2024-08-12T09:30:05","date_gmt":"2024-08-12T13:30:05","guid":{"rendered":"https:\/\/www.greffecheveuxpai.com\/?p=29705"},"modified":"2024-08-12T10:16:00","modified_gmt":"2024-08-12T14:16:00","slug":"your-hair-might-be-on-vacation-but-dont-let-it-take-a-break","status":"publish","type":"post","link":"https:\/\/www.greffecheveuxpai.com\/en\/blog\/your-hair-might-be-on-vacation-but-dont-let-it-take-a-break\/","title":{"rendered":"Your hair might be on vacation, but don&#8217;t let it take a break!"},"content":{"rendered":"\t\t<div data-elementor-type=\"wp-post\" data-elementor-id=\"29705\" class=\"elementor elementor-29705 elementor-29704\" data-elementor-post-type=\"post\">\n\t\t\t\t\t\t<section class=\"elementor-section elementor-top-section elementor-element elementor-element-3c39258 elementor-section-full_width elementor-section-height-default elementor-section-height-default\" data-id=\"3c39258\" data-element_type=\"section\" data-e-type=\"section\">\n\t\t\t\t\t\t<div class=\"elementor-container elementor-column-gap-default\">\n\t\t\t\t\t<div class=\"elementor-column elementor-col-100 elementor-top-column elementor-element elementor-element-c704210\" data-id=\"c704210\" data-element_type=\"column\" data-e-type=\"column\">\n\t\t\t<div class=\"elementor-widget-wrap elementor-element-populated\">\n\t\t\t\t\t\t<div class=\"elementor-element elementor-element-5ec1e27 elementor-widget elementor-widget-text-editor\" data-id=\"5ec1e27\" data-element_type=\"widget\" data-e-type=\"widget\" data-widget_type=\"text-editor.default\">\n\t\t\t\t<div class=\"elementor-widget-container\">\n\t\t\t\t\t\t\t\t\t<p>Summer vacation has finally arrived, and before hair loss concerns overshadow the season, let&#8217;s take a moment to understand the natural hair cycle, the various factors that affect hair health, and discover some tips for care. All of this will help you determine if a consultation with a specialist at Groupe M\u00e9dical PAI is necessary.&nbsp;<\/p>\t\t\t\t\t\t\t\t<\/div>\n\t\t\t\t<\/div>\n\t\t\t\t\t<\/div>\n\t\t<\/div>\n\t\t\t\t\t<\/div>\n\t\t<\/section>\n\t\t\t\t<section class=\"elementor-section elementor-top-section elementor-element elementor-element-0c9dbf8 elementor-section-full_width elementor-section-height-default elementor-section-height-default\" data-id=\"0c9dbf8\" data-element_type=\"section\" data-e-type=\"section\">\n\t\t\t\t\t\t<div class=\"elementor-container elementor-column-gap-default\">\n\t\t\t\t\t<div class=\"elementor-column elementor-col-100 elementor-top-column elementor-element elementor-element-707ce90\" data-id=\"707ce90\" data-element_type=\"column\" data-e-type=\"column\">\n\t\t\t<div class=\"elementor-widget-wrap elementor-element-populated\">\n\t\t\t\t\t\t<div class=\"elementor-element elementor-element-0f28510 elementor-widget elementor-widget-heading\" data-id=\"0f28510\" data-element_type=\"widget\" data-e-type=\"widget\" data-widget_type=\"heading.default\">\n\t\t\t\t<div class=\"elementor-widget-container\">\n\t\t\t\t\t<h2 class=\"elementor-heading-title elementor-size-default\">Hair Loss in Summer : External Factors<\/h2>\t\t\t\t<\/div>\n\t\t\t\t<\/div>\n\t\t\t\t<div class=\"elementor-element elementor-element-7393129 elementor-widget elementor-widget-text-editor\" data-id=\"7393129\" data-element_type=\"widget\" data-e-type=\"widget\" data-widget_type=\"text-editor.default\">\n\t\t\t\t<div class=\"elementor-widget-container\">\n\t\t\t\t\t\t\t\t\tSummer is a time when various external elements, such as the sun, seawater, increased sweat, alcohol consumption, and the stress of returning to work, impact the health of your hair. If you notice that your hair shows signs of distress every year after summer, here&#8217;s some useful information :\n\t\t\t\t\t\t\t\t<\/div>\n\t\t\t\t<\/div>\n\t\t\t\t<div class=\"elementor-element elementor-element-15ba869 elementor-position-left elementor-vertical-align-top elementor-widget elementor-widget-image-box\" data-id=\"15ba869\" data-element_type=\"widget\" data-e-type=\"widget\" data-widget_type=\"image-box.default\">\n\t\t\t\t<div class=\"elementor-widget-container\">\n\t\t\t\t\t<div class=\"elementor-image-box-wrapper\"><figure class=\"elementor-image-box-img\"><img decoding=\"async\" src=\"https:\/\/www.greffecheveuxpai.com\/wp-content\/uploads\/elementor\/thumbs\/protection-cheveux-saisons-qsi4sx261w0zg2afuh9vsap7ft9bel65wcthssl9mo.png\" title=\"protection-cheveux-saisons.png\" alt=\"protection-cheveux-saisons.png\" loading=\"lazy\" \/><\/figure><div class=\"elementor-image-box-content\"><h3 class=\"elementor-image-box-title\">The Sun<\/h3><p class=\"elementor-image-box-description\">While natural hair lightening under UV rays can be appreciated, it's important to note that the sun destroys the natural pigments of your hair. Additionally, keratin, a vital protein for hair strength, is vulnerable to UV rays. To protect your hair, use a sunscreen specially designed for hair.\n<\/p><\/div><\/div>\t\t\t\t<\/div>\n\t\t\t\t<\/div>\n\t\t\t\t<div class=\"elementor-element elementor-element-52a67f8 elementor-position-left elementor-vertical-align-top elementor-widget elementor-widget-image-box\" data-id=\"52a67f8\" data-element_type=\"widget\" data-e-type=\"widget\" data-widget_type=\"image-box.default\">\n\t\t\t\t<div class=\"elementor-widget-container\">\n\t\t\t\t\t<div class=\"elementor-image-box-wrapper\"><figure class=\"elementor-image-box-img\"><img decoding=\"async\" src=\"https:\/\/www.greffecheveuxpai.com\/wp-content\/uploads\/elementor\/thumbs\/impact-eau-cheveux-qsi4b6tr5dragu1idbe799r836n383sf4lusxwvkzk.png\" title=\"impact-eau-cheveux\" alt=\"La mer ou l&#039;eau sal\u00e9e\" loading=\"lazy\" \/><\/figure><div class=\"elementor-image-box-content\"><h3 class=\"elementor-image-box-title\">The Sea (or Pool Water)<\/h3><p class=\"elementor-image-box-description\">Seawater or pool water is rich in iodine, which can dry out your hair. Even if you love the look of \"beach waves,\" it's recommended to rinse your hair with fresh water after a swim in the sea, especially if you're concerned about hair loss.<\/p><\/div><\/div>\t\t\t\t<\/div>\n\t\t\t\t<\/div>\n\t\t\t\t<div class=\"elementor-element elementor-element-17d408a elementor-position-left elementor-vertical-align-top elementor-widget elementor-widget-image-box\" data-id=\"17d408a\" data-element_type=\"widget\" data-e-type=\"widget\" data-widget_type=\"image-box.default\">\n\t\t\t\t<div class=\"elementor-widget-container\">\n\t\t\t\t\t<div class=\"elementor-image-box-wrapper\"><figure class=\"elementor-image-box-img\"><img decoding=\"async\" src=\"https:\/\/www.greffecheveuxpai.com\/wp-content\/uploads\/elementor\/thumbs\/impact-alimentation-qsi4b408kvnfi05lts6bjsgub10zl0h847wci2zri8.png\" title=\"impact-alimentation\" alt=\"Les r\u00e9gimes\" loading=\"lazy\" \/><\/figure><div class=\"elementor-image-box-content\"><h3 class=\"elementor-image-box-title\">Diets<\/h3><p class=\"elementor-image-box-description\">Some people, whether women or men, follow strict diets before vacations to look good in their swimwear. However, a lack of vitamins due to inadequate nutrition can lead to hair loss. Avoid so-called \"miracle\" diets and opt for a healthy and balanced diet throughout the year.<\/p><\/div><\/div>\t\t\t\t<\/div>\n\t\t\t\t<\/div>\n\t\t\t\t\t<\/div>\n\t\t<\/div>\n\t\t\t\t\t<\/div>\n\t\t<\/section>\n\t\t\t\t<section class=\"elementor-section elementor-top-section elementor-element elementor-element-44b5e6a elementor-section-full_width elementor-section-height-default elementor-section-height-default\" data-id=\"44b5e6a\" data-element_type=\"section\" data-e-type=\"section\">\n\t\t\t\t\t\t<div class=\"elementor-container elementor-column-gap-default\">\n\t\t\t\t\t<div class=\"elementor-column elementor-col-100 elementor-top-column elementor-element elementor-element-b6f4b7e\" data-id=\"b6f4b7e\" data-element_type=\"column\" data-e-type=\"column\">\n\t\t\t<div class=\"elementor-widget-wrap elementor-element-populated\">\n\t\t\t\t\t\t<div class=\"elementor-element elementor-element-d5aa930 elementor-widget elementor-widget-heading\" data-id=\"d5aa930\" data-element_type=\"widget\" data-e-type=\"widget\" data-widget_type=\"heading.default\">\n\t\t\t\t<div class=\"elementor-widget-container\">\n\t\t\t\t\t<h2 class=\"elementor-heading-title elementor-size-default\">Understanding Your Hair<\/h2>\t\t\t\t<\/div>\n\t\t\t\t<\/div>\n\t\t\t\t<div class=\"elementor-element elementor-element-6724e8c elementor-widget elementor-widget-image\" data-id=\"6724e8c\" data-element_type=\"widget\" data-e-type=\"widget\" data-widget_type=\"image.default\">\n\t\t\t\t<div class=\"elementor-widget-container\">\n\t\t\t\t\t\t\t\t\t\t\t\t\t\t\t<img fetchpriority=\"high\" decoding=\"async\" width=\"1200\" height=\"689\" src=\"https:\/\/www.greffecheveuxpai.com\/wp-content\/uploads\/2024\/08\/comprendre-vos-cheveux.jpg\" class=\"attachment-full size-full wp-image-29712\" alt=\"Comprendre vos cheveux\" srcset=\"https:\/\/www.greffecheveuxpai.com\/wp-content\/uploads\/2024\/08\/comprendre-vos-cheveux.jpg 1200w, https:\/\/www.greffecheveuxpai.com\/wp-content\/uploads\/2024\/08\/comprendre-vos-cheveux-300x172.jpg 300w, https:\/\/www.greffecheveuxpai.com\/wp-content\/uploads\/2024\/08\/comprendre-vos-cheveux-1024x588.jpg 1024w, https:\/\/www.greffecheveuxpai.com\/wp-content\/uploads\/2024\/08\/comprendre-vos-cheveux-768x441.jpg 768w\" sizes=\"(max-width: 1200px) 100vw, 1200px\" \/>\t\t\t\t\t\t\t\t\t\t\t\t\t\t\t<\/div>\n\t\t\t\t<\/div>\n\t\t\t\t<div class=\"elementor-element elementor-element-e99754d elementor-widget elementor-widget-text-editor\" data-id=\"e99754d\" data-element_type=\"widget\" data-e-type=\"widget\" data-widget_type=\"text-editor.default\">\n\t\t\t\t<div class=\"elementor-widget-container\">\n\t\t\t\t\t\t\t\t\t<p>Apart from these external factors, there is a natural phenomenon: each hair follows its own cycle, generally independent of others. However, in July, hair synchronizes its growth cycle, resulting in a greater hair loss in autumn.\u00a0<\/p><p>You may wonder if your hair will be more present on your pillowcase at the end of summer. The answer is yes! The cause of this increased hair loss lies in post-vacation stress, summer external factors, and a natural phenomenon.<\/p><p>Therefore, summer is the season when it&#8217;s essential to take care of your hair to protect it from damage or increased loss when autumn arrives.<\/p>\t\t\t\t\t\t\t\t<\/div>\n\t\t\t\t<\/div>\n\t\t\t\t\t<\/div>\n\t\t<\/div>\n\t\t\t\t\t<\/div>\n\t\t<\/section>\n\t\t\t\t<section class=\"elementor-section elementor-top-section elementor-element elementor-element-0da9a99 elementor-section-boxed elementor-section-height-default elementor-section-height-default\" data-id=\"0da9a99\" data-element_type=\"section\" data-e-type=\"section\" data-settings=\"{&quot;background_background&quot;:&quot;classic&quot;}\">\n\t\t\t\t\t\t<div class=\"elementor-container elementor-column-gap-default\">\n\t\t\t\t\t<div class=\"elementor-column elementor-col-100 elementor-top-column elementor-element elementor-element-cd5d8dc\" data-id=\"cd5d8dc\" data-element_type=\"column\" data-e-type=\"column\">\n\t\t\t<div class=\"elementor-widget-wrap elementor-element-populated\">\n\t\t\t\t\t\t<div class=\"elementor-element elementor-element-015110b elementor-widget elementor-widget-heading\" data-id=\"015110b\" data-element_type=\"widget\" data-e-type=\"widget\" data-widget_type=\"heading.default\">\n\t\t\t\t<div class=\"elementor-widget-container\">\n\t\t\t\t\t<h2 class=\"elementor-heading-title elementor-size-default\">When to Worry?<\/h2>\t\t\t\t<\/div>\n\t\t\t\t<\/div>\n\t\t\t\t<div class=\"elementor-element elementor-element-b556776 elementor-widget elementor-widget-text-editor\" data-id=\"b556776\" data-element_type=\"widget\" data-e-type=\"widget\" data-widget_type=\"text-editor.default\">\n\t\t\t\t<div class=\"elementor-widget-container\">\n\t\t\t\t\t\t\t\t\t<p>The hair cycle means that normal daily hair loss is usually 50 to 100 strands. However, it&#8217;s recommended to consult a professional as soon as hair loss becomes more significant.\u00a0<\/p><p>The team of experts at Groupe M\u00e9dical PAI will be able to advise and guide you toward the most suitable solution for your hair loss.<\/p>\t\t\t\t\t\t\t\t<\/div>\n\t\t\t\t<\/div>\n\t\t\t\t<div class=\"elementor-element elementor-element-a1e65b1 elementor-align-center elementor-widget elementor-widget-button\" data-id=\"a1e65b1\" data-element_type=\"widget\" data-e-type=\"widget\" data-widget_type=\"button.default\">\n\t\t\t\t<div class=\"elementor-widget-container\">\n\t\t\t\t\t\t\t\t\t<div class=\"elementor-button-wrapper\">\n\t\t\t\t\t<a class=\"elementor-button elementor-button-link elementor-size-sm\" href=\"https:\/\/www.greffecheveuxpai.com\/en\/consultation\/\">\n\t\t\t\t\t\t<span class=\"elementor-button-content-wrapper\">\n\t\t\t\t\t\t\t\t\t<span class=\"elementor-button-text\">Make an appointment<\/span>\n\t\t\t\t\t<\/span>\n\t\t\t\t\t<\/a>\n\t\t\t\t<\/div>\n\t\t\t\t\t\t\t\t<\/div>\n\t\t\t\t<\/div>\n\t\t\t\t\t<\/div>\n\t\t<\/div>\n\t\t\t\t\t<\/div>\n\t\t<\/section>\n\t\t\t\t<\/div>\n\t\t","protected":false},"excerpt":{"rendered":"<p>Summer vacation has finally arrived, and before hair loss concerns overshadow the season, let&#8217;s take a moment to understand the natural hair cycle, the various factors that affect hair health, and discover some tips for care. All of this will help you determine if a consultation with a specialist at Groupe M\u00e9dical PAI is necessary.&nbsp; [&hellip;]<\/p>\n","protected":false},"author":3,"featured_media":29714,"comment_status":"closed","ping_status":"closed","sticky":false,"template":"","format":"standard","meta":{"inline_featured_image":false,"site-sidebar-layout":"default","site-content-layout":"","ast-site-content-layout":"default","site-content-style":"default","site-sidebar-style":"default","ast-global-header-display":"","ast-banner-title-visibility":"","ast-main-header-display":"","ast-hfb-above-header-display":"","ast-hfb-below-header-display":"","ast-hfb-mobile-header-display":"","site-post-title":"","ast-breadcrumbs-content":"","ast-featured-img":"","footer-sml-layout":"","ast-disable-related-posts":"","theme-transparent-header-meta":"default","adv-header-id-meta":"","stick-header-meta":"default","header-above-stick-meta":"","header-main-stick-meta":"","header-below-stick-meta":"","astra-migrate-meta-layouts":"set","ast-page-background-enabled":"default","ast-page-background-meta":{"desktop":{"background-color":"var(--ast-global-color-4)","background-image":"","background-repeat":"repeat","background-position":"center center","background-size":"auto","background-attachment":"scroll","background-type":"","background-media":"","overlay-type":"","overlay-color":"","overlay-opacity":"","overlay-gradient":""},"tablet":{"background-color":"","background-image":"","background-repeat":"repeat","background-position":"center center","background-size":"auto","background-attachment":"scroll","background-type":"","background-media":"","overlay-type":"","overlay-color":"","overlay-opacity":"","overlay-gradient":""},"mobile":{"background-color":"","background-image":"","background-repeat":"repeat","background-position":"center center","background-size":"auto","background-attachment":"scroll","background-type":"","background-media":"","overlay-type":"","overlay-color":"","overlay-opacity":"","overlay-gradient":""}},"ast-content-background-meta":{"desktop":{"background-color":"var(--ast-global-color-5)","background-image":"","background-repeat":"repeat","background-position":"center center","background-size":"auto","background-attachment":"scroll","background-type":"","background-media":"","overlay-type":"","overlay-color":"","overlay-opacity":"","overlay-gradient":""},"tablet":{"background-color":"var(--ast-global-color-5)","background-image":"","background-repeat":"repeat","background-position":"center center","background-size":"auto","background-attachment":"scroll","background-type":"","background-media":"","overlay-type":"","overlay-color":"","overlay-opacity":"","overlay-gradient":""},"mobile":{"background-color":"var(--ast-global-color-5)","background-image":"","background-repeat":"repeat","background-position":"center center","background-size":"auto","background-attachment":"scroll","background-type":"","background-media":"","overlay-type":"","overlay-color":"","overlay-opacity":"","overlay-gradient":""}},"footnotes":""},"categories":[63,126],"tags":[],"class_list":["post-29705","post","type-post","status-publish","format-standard","has-post-thumbnail","hentry","category-blog","category-hair-loss"],"yoast_head":"<!-- This site is optimized with the Yoast SEO plugin v27.4 - https:\/\/yoast.com\/product\/yoast-seo-wordpress\/ -->\n<title>Hair loss in summer: when to worry? | PAI Medical Group<\/title>\n<meta name=\"description\" content=\"Your hair might be on vacation, but don&#039;t let them take a break! Discover the secrets to avoiding hair loss in summer.\" \/>\n<meta name=\"robots\" content=\"index, follow, max-snippet:-1, max-image-preview:large, max-video-preview:-1\" \/>\n<link rel=\"canonical\" href=\"https:\/\/www.greffecheveuxpai.com\/en\/blog\/your-hair-might-be-on-vacation-but-dont-let-it-take-a-break\/\" \/>\n<meta property=\"og:locale\" content=\"en_US\" \/>\n<meta property=\"og:type\" content=\"article\" \/>\n<meta property=\"og:title\" content=\"Hair loss in summer: when to worry? | PAI Medical Group\" \/>\n<meta property=\"og:description\" content=\"Your hair might be on vacation, but don&#039;t let them take a break! Discover the secrets to avoiding hair loss in summer.\" \/>\n<meta property=\"og:url\" content=\"https:\/\/www.greffecheveuxpai.com\/en\/blog\/your-hair-might-be-on-vacation-but-dont-let-it-take-a-break\/\" \/>\n<meta property=\"og:site_name\" content=\"Groupe M\u00e9dical PAI\" \/>\n<meta property=\"article:publisher\" content=\"https:\/\/www.facebook.com\/GroupeMedicalPAI\" \/>\n<meta property=\"article:published_time\" content=\"2024-08-12T13:30:05+00:00\" \/>\n<meta property=\"article:modified_time\" content=\"2024-08-12T14:16:00+00:00\" \/>\n<meta property=\"og:image\" content=\"https:\/\/www.greffecheveuxpai.com\/wp-content\/uploads\/2024\/08\/cheveux-en-vacances.jpg\" \/>\n\t<meta property=\"og:image:width\" content=\"1200\" \/>\n\t<meta property=\"og:image:height\" content=\"500\" \/>\n\t<meta property=\"og:image:type\" content=\"image\/jpeg\" \/>\n<meta name=\"author\" content=\"Groupe M\u00e9dical PAI\" \/>\n<meta name=\"twitter:card\" content=\"summary_large_image\" \/>\n<meta name=\"twitter:label1\" content=\"Written by\" \/>\n\t<meta name=\"twitter:data1\" content=\"Groupe M\u00e9dical PAI\" \/>\n\t<meta name=\"twitter:label2\" content=\"Est. reading time\" \/>\n\t<meta name=\"twitter:data2\" content=\"3 minutes\" \/>\n<script type=\"application\/ld+json\" class=\"yoast-schema-graph\">{\"@context\":\"https:\\\/\\\/schema.org\",\"@graph\":[{\"@type\":\"Article\",\"@id\":\"https:\\\/\\\/www.greffecheveuxpai.com\\\/en\\\/blog\\\/your-hair-might-be-on-vacation-but-dont-let-it-take-a-break\\\/#article\",\"isPartOf\":{\"@id\":\"https:\\\/\\\/www.greffecheveuxpai.com\\\/en\\\/blog\\\/your-hair-might-be-on-vacation-but-dont-let-it-take-a-break\\\/\"},\"author\":{\"name\":\"Groupe M\u00e9dical PAI\",\"@id\":\"https:\\\/\\\/www.greffecheveuxpai.com\\\/en\\\/#\\\/schema\\\/person\\\/56f3585b72129ad7566f9b55eb89acdc\"},\"headline\":\"Your hair might be on vacation, but don&#8217;t let it take a break!\",\"datePublished\":\"2024-08-12T13:30:05+00:00\",\"dateModified\":\"2024-08-12T14:16:00+00:00\",\"mainEntityOfPage\":{\"@id\":\"https:\\\/\\\/www.greffecheveuxpai.com\\\/en\\\/blog\\\/your-hair-might-be-on-vacation-but-dont-let-it-take-a-break\\\/\"},\"wordCount\":443,\"publisher\":{\"@id\":\"https:\\\/\\\/www.greffecheveuxpai.com\\\/en\\\/#organization\"},\"image\":{\"@id\":\"https:\\\/\\\/www.greffecheveuxpai.com\\\/en\\\/blog\\\/your-hair-might-be-on-vacation-but-dont-let-it-take-a-break\\\/#primaryimage\"},\"thumbnailUrl\":\"https:\\\/\\\/www.greffecheveuxpai.com\\\/wp-content\\\/uploads\\\/2024\\\/08\\\/cheveux-en-vacances.jpg\",\"articleSection\":[\"Blog\",\"Hair loss\"],\"inLanguage\":\"en-CA\"},{\"@type\":\"WebPage\",\"@id\":\"https:\\\/\\\/www.greffecheveuxpai.com\\\/en\\\/blog\\\/your-hair-might-be-on-vacation-but-dont-let-it-take-a-break\\\/\",\"url\":\"https:\\\/\\\/www.greffecheveuxpai.com\\\/en\\\/blog\\\/your-hair-might-be-on-vacation-but-dont-let-it-take-a-break\\\/\",\"name\":\"Hair loss in summer: when to worry? | PAI Medical Group\",\"isPartOf\":{\"@id\":\"https:\\\/\\\/www.greffecheveuxpai.com\\\/en\\\/#website\"},\"primaryImageOfPage\":{\"@id\":\"https:\\\/\\\/www.greffecheveuxpai.com\\\/en\\\/blog\\\/your-hair-might-be-on-vacation-but-dont-let-it-take-a-break\\\/#primaryimage\"},\"image\":{\"@id\":\"https:\\\/\\\/www.greffecheveuxpai.com\\\/en\\\/blog\\\/your-hair-might-be-on-vacation-but-dont-let-it-take-a-break\\\/#primaryimage\"},\"thumbnailUrl\":\"https:\\\/\\\/www.greffecheveuxpai.com\\\/wp-content\\\/uploads\\\/2024\\\/08\\\/cheveux-en-vacances.jpg\",\"datePublished\":\"2024-08-12T13:30:05+00:00\",\"dateModified\":\"2024-08-12T14:16:00+00:00\",\"description\":\"Your hair might be on vacation, but don't let them take a break! Discover the secrets to avoiding hair loss in summer.\",\"breadcrumb\":{\"@id\":\"https:\\\/\\\/www.greffecheveuxpai.com\\\/en\\\/blog\\\/your-hair-might-be-on-vacation-but-dont-let-it-take-a-break\\\/#breadcrumb\"},\"inLanguage\":\"en-CA\",\"potentialAction\":[{\"@type\":\"ReadAction\",\"target\":[\"https:\\\/\\\/www.greffecheveuxpai.com\\\/en\\\/blog\\\/your-hair-might-be-on-vacation-but-dont-let-it-take-a-break\\\/\"]}]},{\"@type\":\"ImageObject\",\"inLanguage\":\"en-CA\",\"@id\":\"https:\\\/\\\/www.greffecheveuxpai.com\\\/en\\\/blog\\\/your-hair-might-be-on-vacation-but-dont-let-it-take-a-break\\\/#primaryimage\",\"url\":\"https:\\\/\\\/www.greffecheveuxpai.com\\\/wp-content\\\/uploads\\\/2024\\\/08\\\/cheveux-en-vacances.jpg\",\"contentUrl\":\"https:\\\/\\\/www.greffecheveuxpai.com\\\/wp-content\\\/uploads\\\/2024\\\/08\\\/cheveux-en-vacances.jpg\",\"width\":1200,\"height\":500,\"caption\":\"Perte de cheveux en \u00e9t\u00e9 : des facteurs externe\"},{\"@type\":\"BreadcrumbList\",\"@id\":\"https:\\\/\\\/www.greffecheveuxpai.com\\\/en\\\/blog\\\/your-hair-might-be-on-vacation-but-dont-let-it-take-a-break\\\/#breadcrumb\",\"itemListElement\":[{\"@type\":\"ListItem\",\"position\":1,\"name\":\"Home\",\"item\":\"https:\\\/\\\/www.greffecheveuxpai.com\\\/en\\\/\"},{\"@type\":\"ListItem\",\"position\":2,\"name\":\"Your hair might be on vacation, but don&rsquo;t let it take a break!\"}]},{\"@type\":\"WebSite\",\"@id\":\"https:\\\/\\\/www.greffecheveuxpai.com\\\/en\\\/#website\",\"url\":\"https:\\\/\\\/www.greffecheveuxpai.com\\\/en\\\/\",\"name\":\"Groupe M\u00e9dical PAI\",\"description\":\"La r\u00e9f\u00e9rence pour la greffe de cheveux\",\"publisher\":{\"@id\":\"https:\\\/\\\/www.greffecheveuxpai.com\\\/en\\\/#organization\"},\"potentialAction\":[{\"@type\":\"SearchAction\",\"target\":{\"@type\":\"EntryPoint\",\"urlTemplate\":\"https:\\\/\\\/www.greffecheveuxpai.com\\\/en\\\/?s={search_term_string}\"},\"query-input\":{\"@type\":\"PropertyValueSpecification\",\"valueRequired\":true,\"valueName\":\"search_term_string\"}}],\"inLanguage\":\"en-CA\"},{\"@type\":\"Organization\",\"@id\":\"https:\\\/\\\/www.greffecheveuxpai.com\\\/en\\\/#organization\",\"name\":\"Greffe de cheveux PAI\",\"alternateName\":\"Greffe de cheveux PAI\",\"url\":\"https:\\\/\\\/www.greffecheveuxpai.com\\\/en\\\/\",\"logo\":{\"@type\":\"ImageObject\",\"inLanguage\":\"en-CA\",\"@id\":\"https:\\\/\\\/www.greffecheveuxpai.com\\\/en\\\/#\\\/schema\\\/logo\\\/image\\\/\",\"url\":\"https:\\\/\\\/www.greffecheveuxpai.com\\\/wp-content\\\/uploads\\\/2023\\\/06\\\/groupe-medical-pai-logo.svg.svg\",\"contentUrl\":\"https:\\\/\\\/www.greffecheveuxpai.com\\\/wp-content\\\/uploads\\\/2023\\\/06\\\/groupe-medical-pai-logo.svg.svg\",\"width\":188,\"height\":48,\"caption\":\"Greffe de cheveux PAI\"},\"image\":{\"@id\":\"https:\\\/\\\/www.greffecheveuxpai.com\\\/en\\\/#\\\/schema\\\/logo\\\/image\\\/\"},\"sameAs\":[\"https:\\\/\\\/www.facebook.com\\\/GroupeMedicalPAI\",\"https:\\\/\\\/www.youtube.com\\\/channel\\\/UCUiL9NKQApQK6TFB2Ee9y3A\",\"http:\\\/\\\/fr.yelp.ca\\\/biz\\\/greffe-de-cheveux-pai-saint-hubert\"]},{\"@type\":\"Person\",\"@id\":\"https:\\\/\\\/www.greffecheveuxpai.com\\\/en\\\/#\\\/schema\\\/person\\\/56f3585b72129ad7566f9b55eb89acdc\",\"name\":\"Groupe M\u00e9dical PAI\",\"image\":{\"@type\":\"ImageObject\",\"inLanguage\":\"en-CA\",\"@id\":\"https:\\\/\\\/secure.gravatar.com\\\/avatar\\\/31da7506b5330768b03d6c400174ee02b44ccbf01a5050144dbbd544b95f3c2b?s=96&d=blank&r=g\",\"url\":\"https:\\\/\\\/secure.gravatar.com\\\/avatar\\\/31da7506b5330768b03d6c400174ee02b44ccbf01a5050144dbbd544b95f3c2b?s=96&d=blank&r=g\",\"contentUrl\":\"https:\\\/\\\/secure.gravatar.com\\\/avatar\\\/31da7506b5330768b03d6c400174ee02b44ccbf01a5050144dbbd544b95f3c2b?s=96&d=blank&r=g\",\"caption\":\"Groupe M\u00e9dical PAI\"}}]}<\/script>\n<!-- \/ Yoast SEO plugin. -->","yoast_head_json":{"title":"Hair loss in summer: when to worry? | PAI Medical Group","description":"Your hair might be on vacation, but don't let them take a break! Discover the secrets to avoiding hair loss in summer.","robots":{"index":"index","follow":"follow","max-snippet":"max-snippet:-1","max-image-preview":"max-image-preview:large","max-video-preview":"max-video-preview:-1"},"canonical":"https:\/\/www.greffecheveuxpai.com\/en\/blog\/your-hair-might-be-on-vacation-but-dont-let-it-take-a-break\/","og_locale":"en_US","og_type":"article","og_title":"Hair loss in summer: when to worry? | PAI Medical Group","og_description":"Your hair might be on vacation, but don't let them take a break! Discover the secrets to avoiding hair loss in summer.","og_url":"https:\/\/www.greffecheveuxpai.com\/en\/blog\/your-hair-might-be-on-vacation-but-dont-let-it-take-a-break\/","og_site_name":"Groupe M\u00e9dical PAI","article_publisher":"https:\/\/www.facebook.com\/GroupeMedicalPAI","article_published_time":"2024-08-12T13:30:05+00:00","article_modified_time":"2024-08-12T14:16:00+00:00","og_image":[{"width":1200,"height":500,"url":"https:\/\/www.greffecheveuxpai.com\/wp-content\/uploads\/2024\/08\/cheveux-en-vacances.jpg","type":"image\/jpeg"}],"author":"Groupe M\u00e9dical PAI","twitter_card":"summary_large_image","twitter_misc":{"Written by":"Groupe M\u00e9dical PAI","Est. reading time":"3 minutes"},"schema":{"@context":"https:\/\/schema.org","@graph":[{"@type":"Article","@id":"https:\/\/www.greffecheveuxpai.com\/en\/blog\/your-hair-might-be-on-vacation-but-dont-let-it-take-a-break\/#article","isPartOf":{"@id":"https:\/\/www.greffecheveuxpai.com\/en\/blog\/your-hair-might-be-on-vacation-but-dont-let-it-take-a-break\/"},"author":{"name":"Groupe M\u00e9dical PAI","@id":"https:\/\/www.greffecheveuxpai.com\/en\/#\/schema\/person\/56f3585b72129ad7566f9b55eb89acdc"},"headline":"Your hair might be on vacation, but don&#8217;t let it take a break!","datePublished":"2024-08-12T13:30:05+00:00","dateModified":"2024-08-12T14:16:00+00:00","mainEntityOfPage":{"@id":"https:\/\/www.greffecheveuxpai.com\/en\/blog\/your-hair-might-be-on-vacation-but-dont-let-it-take-a-break\/"},"wordCount":443,"publisher":{"@id":"https:\/\/www.greffecheveuxpai.com\/en\/#organization"},"image":{"@id":"https:\/\/www.greffecheveuxpai.com\/en\/blog\/your-hair-might-be-on-vacation-but-dont-let-it-take-a-break\/#primaryimage"},"thumbnailUrl":"https:\/\/www.greffecheveuxpai.com\/wp-content\/uploads\/2024\/08\/cheveux-en-vacances.jpg","articleSection":["Blog","Hair loss"],"inLanguage":"en-CA"},{"@type":"WebPage","@id":"https:\/\/www.greffecheveuxpai.com\/en\/blog\/your-hair-might-be-on-vacation-but-dont-let-it-take-a-break\/","url":"https:\/\/www.greffecheveuxpai.com\/en\/blog\/your-hair-might-be-on-vacation-but-dont-let-it-take-a-break\/","name":"Hair loss in summer: when to worry? | PAI Medical Group","isPartOf":{"@id":"https:\/\/www.greffecheveuxpai.com\/en\/#website"},"primaryImageOfPage":{"@id":"https:\/\/www.greffecheveuxpai.com\/en\/blog\/your-hair-might-be-on-vacation-but-dont-let-it-take-a-break\/#primaryimage"},"image":{"@id":"https:\/\/www.greffecheveuxpai.com\/en\/blog\/your-hair-might-be-on-vacation-but-dont-let-it-take-a-break\/#primaryimage"},"thumbnailUrl":"https:\/\/www.greffecheveuxpai.com\/wp-content\/uploads\/2024\/08\/cheveux-en-vacances.jpg","datePublished":"2024-08-12T13:30:05+00:00","dateModified":"2024-08-12T14:16:00+00:00","description":"Your hair might be on vacation, but don't let them take a break! Discover the secrets to avoiding hair loss in summer.","breadcrumb":{"@id":"https:\/\/www.greffecheveuxpai.com\/en\/blog\/your-hair-might-be-on-vacation-but-dont-let-it-take-a-break\/#breadcrumb"},"inLanguage":"en-CA","potentialAction":[{"@type":"ReadAction","target":["https:\/\/www.greffecheveuxpai.com\/en\/blog\/your-hair-might-be-on-vacation-but-dont-let-it-take-a-break\/"]}]},{"@type":"ImageObject","inLanguage":"en-CA","@id":"https:\/\/www.greffecheveuxpai.com\/en\/blog\/your-hair-might-be-on-vacation-but-dont-let-it-take-a-break\/#primaryimage","url":"https:\/\/www.greffecheveuxpai.com\/wp-content\/uploads\/2024\/08\/cheveux-en-vacances.jpg","contentUrl":"https:\/\/www.greffecheveuxpai.com\/wp-content\/uploads\/2024\/08\/cheveux-en-vacances.jpg","width":1200,"height":500,"caption":"Perte de cheveux en \u00e9t\u00e9 : des facteurs externe"},{"@type":"BreadcrumbList","@id":"https:\/\/www.greffecheveuxpai.com\/en\/blog\/your-hair-might-be-on-vacation-but-dont-let-it-take-a-break\/#breadcrumb","itemListElement":[{"@type":"ListItem","position":1,"name":"Home","item":"https:\/\/www.greffecheveuxpai.com\/en\/"},{"@type":"ListItem","position":2,"name":"Your hair might be on vacation, but don&rsquo;t let it take a break!"}]},{"@type":"WebSite","@id":"https:\/\/www.greffecheveuxpai.com\/en\/#website","url":"https:\/\/www.greffecheveuxpai.com\/en\/","name":"Groupe M\u00e9dical PAI","description":"La r\u00e9f\u00e9rence pour la greffe de cheveux","publisher":{"@id":"https:\/\/www.greffecheveuxpai.com\/en\/#organization"},"potentialAction":[{"@type":"SearchAction","target":{"@type":"EntryPoint","urlTemplate":"https:\/\/www.greffecheveuxpai.com\/en\/?s={search_term_string}"},"query-input":{"@type":"PropertyValueSpecification","valueRequired":true,"valueName":"search_term_string"}}],"inLanguage":"en-CA"},{"@type":"Organization","@id":"https:\/\/www.greffecheveuxpai.com\/en\/#organization","name":"Greffe de cheveux PAI","alternateName":"Greffe de cheveux PAI","url":"https:\/\/www.greffecheveuxpai.com\/en\/","logo":{"@type":"ImageObject","inLanguage":"en-CA","@id":"https:\/\/www.greffecheveuxpai.com\/en\/#\/schema\/logo\/image\/","url":"https:\/\/www.greffecheveuxpai.com\/wp-content\/uploads\/2023\/06\/groupe-medical-pai-logo.svg.svg","contentUrl":"https:\/\/www.greffecheveuxpai.com\/wp-content\/uploads\/2023\/06\/groupe-medical-pai-logo.svg.svg","width":188,"height":48,"caption":"Greffe de cheveux PAI"},"image":{"@id":"https:\/\/www.greffecheveuxpai.com\/en\/#\/schema\/logo\/image\/"},"sameAs":["https:\/\/www.facebook.com\/GroupeMedicalPAI","https:\/\/www.youtube.com\/channel\/UCUiL9NKQApQK6TFB2Ee9y3A","http:\/\/fr.yelp.ca\/biz\/greffe-de-cheveux-pai-saint-hubert"]},{"@type":"Person","@id":"https:\/\/www.greffecheveuxpai.com\/en\/#\/schema\/person\/56f3585b72129ad7566f9b55eb89acdc","name":"Groupe M\u00e9dical PAI","image":{"@type":"ImageObject","inLanguage":"en-CA","@id":"https:\/\/secure.gravatar.com\/avatar\/31da7506b5330768b03d6c400174ee02b44ccbf01a5050144dbbd544b95f3c2b?s=96&d=blank&r=g","url":"https:\/\/secure.gravatar.com\/avatar\/31da7506b5330768b03d6c400174ee02b44ccbf01a5050144dbbd544b95f3c2b?s=96&d=blank&r=g","contentUrl":"https:\/\/secure.gravatar.com\/avatar\/31da7506b5330768b03d6c400174ee02b44ccbf01a5050144dbbd544b95f3c2b?s=96&d=blank&r=g","caption":"Groupe M\u00e9dical PAI"}}]}},"_links":{"self":[{"href":"https:\/\/www.greffecheveuxpai.com\/en\/wp-json\/wp\/v2\/posts\/29705","targetHints":{"allow":["GET"]}}],"collection":[{"href":"https:\/\/www.greffecheveuxpai.com\/en\/wp-json\/wp\/v2\/posts"}],"about":[{"href":"https:\/\/www.greffecheveuxpai.com\/en\/wp-json\/wp\/v2\/types\/post"}],"author":[{"embeddable":true,"href":"https:\/\/www.greffecheveuxpai.com\/en\/wp-json\/wp\/v2\/users\/3"}],"replies":[{"embeddable":true,"href":"https:\/\/www.greffecheveuxpai.com\/en\/wp-json\/wp\/v2\/comments?post=29705"}],"version-history":[{"count":0,"href":"https:\/\/www.greffecheveuxpai.com\/en\/wp-json\/wp\/v2\/posts\/29705\/revisions"}],"wp:featuredmedia":[{"embeddable":true,"href":"https:\/\/www.greffecheveuxpai.com\/en\/wp-json\/wp\/v2\/media\/29714"}],"wp:attachment":[{"href":"https:\/\/www.greffecheveuxpai.com\/en\/wp-json\/wp\/v2\/media?parent=29705"}],"wp:term":[{"taxonomy":"category","embeddable":true,"href":"https:\/\/www.greffecheveuxpai.com\/en\/wp-json\/wp\/v2\/categories?post=29705"},{"taxonomy":"post_tag","embeddable":true,"href":"https:\/\/www.greffecheveuxpai.com\/en\/wp-json\/wp\/v2\/tags?post=29705"}],"curies":[{"name":"wp","href":"https:\/\/api.w.org\/{rel}","templated":true}]}}